{"id":4164,"date":"2026-04-25T17:28:05","date_gmt":"2026-04-25T15:28:05","guid":{"rendered":"http:\/\/fenabod.cluster026.hosting.ovh.net\/?p=4164"},"modified":"2026-04-25T17:28:05","modified_gmt":"2026-04-25T15:28:05","slug":"erreur-de-qualification-juridique-des-moyens-de-cassation-par-le-baj-de-la-cour-de-cassation-recours-contre-la-decision-n-2025c2266-notifiee-le-24-avril-2026-du-baj-de-la-cour-de-cassation","status":"publish","type":"post","link":"http:\/\/fenabod.cluster026.hosting.ovh.net\/index.php\/2026\/04\/25\/erreur-de-qualification-juridique-des-moyens-de-cassation-par-le-baj-de-la-cour-de-cassation-recours-contre-la-decision-n-2025c2266-notifiee-le-24-avril-2026-du-baj-de-la-cour-de-cassation\/","title":{"rendered":"Erreur de qualification juridique des moyens de cassation par le BAJ de la Cour de cassation &#8211; Recours contre la d\u00e9cision n\u00b0 2025C2266 notifi\u00e9e le 24 avril 2026 du BAJ de la Cour de cassation."},"content":{"rendered":"<div dir=\"ltr\">\n<div>&#8212;&#8211; Message transmis &#8212;&#8211;<\/div>\n<div><b>De :<\/b>\u00a0agirensemble_pournosdroits3@aol.fr &lt;agirensemble_pournosdroits3@aol.fr&gt;<\/div>\n<div><b>\u00c0 :<\/b>\u00a0sec.pp.courdecassation@justice.fr &lt;sec.pp.courdecassation@justice.fr&gt;; d.leprado@cabinet-leprado.fr &lt;d.leprado@cabinet-leprado.fr&gt;; courriel@hdfp.fr &lt;courriel@hdfp.fr&gt;; philippe.froger@bfpavocats.fr &lt;philippe.froger@bfpavocats.fr&gt;; bocquillon.avocat@gmail.com &lt;bocquillon.avocat@gmail.com&gt;; astruc_patricia@wanadoo.fr &lt;astruc_patricia@wanadoo.fr&gt;; Ang\u00e9lique CHEN &lt;angelique.chen@notaires.fr&gt;; plot.avoc@wanadoo.fr &lt;plot.avoc@wanadoo.fr&gt;; kiohe888@aol.fr &lt;kiohe888@aol.fr&gt;; agence.paris-commerce@ceidf.caisse-epargne.fr &lt;agence.paris-commerce@ceidf.caisse-epargne.fr&gt;; VERDEIL Bernadette &lt;bernadette.verdeil@justice.fr&gt;; florence.berthout@paris.fr &lt;florence.berthout@paris.fr&gt;; bse@senechalavocat.fr &lt;bse@senechalavocat.fr&gt;; bgrunberg@mairie-dammarie-les-lys.fr &lt;bgrunberg@mairie-dammarie-les-lys.fr&gt;; Contact Mairie &lt;courrier@ville-pau.fr&gt;; chambre.seineetmarne@notaires.fr &lt;chambre.seineetmarne@notaires.fr&gt;; charlotte.joly@interieur.gouv.fr &lt;charlotte.joly@interieur.gouv.fr&gt;; contact.ministre@interieur.gouv.fr &lt;contact.ministre@interieur.gouv.fr&gt;; contact@dupondmoretti.com &lt;contact@dupondmoretti.com&gt;; csm@justice.fr &lt;csm@justice.fr&gt;; greffe@conseil-constitutionnel.fr &lt;greffe@conseil-constitutionnel.fr&gt;; greffe@conseil-etat.fr &lt;greffe@conseil-etat.fr&gt;; sec.pp.ca-paris@justice.fr &lt;sec.pp.ca-paris@justice.fr&gt;; cabinetavocatsren@yahoo.fr &lt;cabinetavocatsren@yahoo.fr&gt;; commissariat-choisy-plainte@interieur.gouv.fr &lt;commissariat-choisy-plainte@interieur.gouv.fr&gt;; premier-ministre@cab.pm.gouv.fr &lt;premier-ministre@cab.pm.gouv.fr&gt;; chambre6-1.ca-paris@justice.fr &lt;chambre6-1.ca-paris@justice.fr&gt;; DEGIVRY Camille &lt;cdegivry@citya.com&gt;; AMO &lt;amo@be-mev.com&gt;; MEV &#8211; Matthieu COFFINET &lt;m.coffinet@be-mev.com&gt;; a.pesic@be-mev.com &lt;a.pesic@be-mev.com&gt;; mandrack717@gmail.com &lt;mandrack717@gmail.com&gt;; AMAGNOU Sandrine &lt;samagnou@citya.com&gt;; brossetti@citya.com &lt;brossetti@citya.com&gt;; TJ-PARIS\/DOYEN\/SEC &lt;doyen.sec.tj-paris@justice.fr&gt;; delphine.exare@notaires.fr &lt;delphine.exare@notaires.fr&gt;; fanny.demassieux@diplomatie.gouv.fr &lt;fanny.demassieux@diplomatie.gouv.fr&gt;; ren@dsavocats.com &lt;ren@dsavocats.com&gt;; yang@dsavocats.com &lt;yang@dsavocats.com&gt;; Support &lt;domaines-clients-nordest@nexity.fr&gt;; enmarchelesdroits@yahoo.com &lt;enmarchelesdroits@yahoo.com&gt;; Emilie Poignon &lt;e.poignon@lexwell-legal.com&gt;; etude.larocheetassocies@notaires.fr &lt;etude.larocheetassocies@notaires.fr&gt;; etude77018.ozoir@notaires.fr &lt;etude77018.ozoir@notaires.fr&gt;; MOUSSOUNI Ferielle &lt;fmoussouni@nexity.fr&gt;; LE GOSLES Karelle &lt;karelle.legosles@mairie-vitry94.fr&gt;; greffecentral.ta-melun@juradm.fr &lt;greffecentral.ta-melun@juradm.fr&gt;; relais.gare@mairie-vitry94.fr &lt;relais.gare@mairie-vitry94.fr&gt;; celinenuma@gmail.com &lt;celinenuma@gmail.com&gt;; lds.avocat@gmail.com &lt;lds.avocat@gmail.com&gt;; julienbeslay@gmail.com &lt;julienbeslay@gmail.com&gt;; marinesery@hotmail.com &lt;marinesery@hotmail.com&gt;; Mairie Dammarie Les Lys Info &lt;info@mairie-dammarie-les-lys.fr&gt;; IGPN Permanence &lt;igpn-permanence@interieur.gouv.fr&gt;; IGPN UCE Igpn-signalement &lt;igpn-signalement@interieur.gouv.fr&gt;; jvpaturel@wanadoo.fr &lt;jvpaturel@wanadoo.fr&gt;; TJ-PARIS\/PRESIDENCE\/SEC &lt;sec.presidence.tj-paris@justice.fr&gt;; MAUNIER Michel &lt;michel.maunier@justice.fr&gt;; TJ-PARIS\/PR\/SEC &lt;sec.pr.tj-paris@justice.fr&gt;; tprx-charenton-le-pont@justice.fr &lt;tprx-charenton-le-pont@justice.fr&gt;; sec.pr.tj-evry@justice.fr &lt;sec.pr.tj-evry@justice.fr&gt;; TJ-RODEZ\/PR\/SEC &lt;sec.pr.tj-rodez@justice.fr&gt;; MJD-VAL-DE-BIEVRE &lt;mjd-val-de-bievre@justice.fr&gt;; ali.naoui@justice.fr &lt;ali.naoui@justice.fr&gt;; tj1-melun@justice.fr &lt;tj1-melun@justice.fr&gt;; baj.courdecassation@justice.fr &lt;baj.courdecassation@justice.fr&gt;; lboumesbah@ville-melun.fr &lt;lboumesbah@ville-melun.fr&gt;; berengere.lagrange@lagrange-avocat.com &lt;berengere.lagrange@lagrange-avocat.com&gt;; sip.melun@dgfip.finances.gouv.fr &lt;sip.melun@dgfip.finances.gouv.fr&gt;; cabinet.du.maire@mairie-vitry94.fr &lt;cabinet.du.maire@mairie-vitry94.fr&gt;; sip.vitry-sur-seine@dgfip.finances.gouv.fr &lt;sip.vitry-sur-seine@dgfip.finances.gouv.fr&gt;; scp-vincent-ohl@wanadoo.fr &lt;scp-vincent-ohl@wanadoo.fr&gt;; scp-ohl-vexliard@orange.fr &lt;scp-ohl-vexliard@orange.fr&gt;; scp.sylvain.reyjal@paris.notaires.fr &lt;scp.sylvain.reyjal@paris.notaires.fr&gt;; MELBER Nicolas [CEIDF] &lt;nicolas.melber@ceidf.caisse-epargne.fr&gt;; nmichaud@nexity.fr &lt;nmichaud@nexity.fr&gt;; pauline.seguin.77003@notaires.fr &lt;pauline.seguin.77003@notaires.fr&gt;; vbedague@nexity.fr &lt;vbedague@nexity.fr&gt;; PIRES Sophie &lt;spires@nexity.fr&gt;; Cecile Plot &lt;plot.avoc@orange.fr&gt;; pref-courrier-internet@paris.gouv.fr &lt;pref-courrier-internet@paris.gouv.fr&gt;; pole.quimper@univ-brest.fr &lt;pole.quimper@univ-brest.fr&gt;; ROBLIN Marie dominique [CEIDF] &lt;mariedominique.roblin@ceidf.caisse-epargne.fr&gt;; TPRX-VILLEJUIF\/CIVIL &lt;civil.tprx-villejuif@justice.fr&gt;; s.ulliac@free.fr &lt;s.ulliac@free.fr&gt;; tj-creteil@justice.fr &lt;tj-creteil@justice.fr&gt;; webmestre@conseil-constitutionnel.fr &lt;webmestre@conseil-constitutionnel.fr&gt;; yanick.alvarez@wanadoo.fr &lt;yanick.alvarez@wanadoo.fr&gt;; c.cahen-salvador@wanadoo.fr &lt;c.cahen-salvador@wanadoo.fr&gt;; philippe.louis4@wanadoo.fr &lt;philippe.louis4@wanadoo.fr&gt;; avocat.benmaad@wanadoo.fr &lt;avocat.benmaad@wanadoo.fr&gt;; taze-broquet@wanadoo.fr &lt;taze-broquet@wanadoo.fr&gt;; ordre.avocats.conseils@wanadoo.fr &lt;ordre.avocats.conseils@wanadoo.fr&gt;; paulastre@yahoo.fr &lt;paulastre@yahoo.fr&gt;<\/div>\n<div><b>Envoy\u00e9 :<\/b>\u00a0samedi 25 avril 2026 \u00e0 17:15:59 UTC+2<\/div>\n<div><b>Objet :<\/b>\u00a0Erreur de qualification juridique des moyens de cassation par le BAJ de la Cour de cassation &#8211; Recours contre la d\u00e9cision n\u00b0 2025C2266 notifi\u00e9e le 24 avril 2026 du BAJ de la Cour de cassation.<\/div>\n<div><\/div>\n<div>\n<div id=\"ydpb3f8ee84yiv7451792962\">\n<div>\n<div class=\"ydpb3f8ee84yiv7451792962ydp45c6387cyahoo-style-wrap\">\n<div dir=\"ltr\">\n<div dir=\"ltr\">Le 25 avril 2026<\/div>\n<div dir=\"ltr\">.<\/div>\n<div dir=\"ltr\"><b>De : L&#8217;Association AGIR ENSEMBLE POUR NOS DROITS<\/b>\u00a0&#8211;<\/div>\n<div dir=\"ltr\">141, avenue Rouget de Lisle &#8211; 94400 Vitry s\/Seine<\/div>\n<div dir=\"ltr\">.<\/div>\n<div dir=\"ltr\"><b>Au : Premier Pr\u00e9sident de la Cour de cassation<\/b>\u00a0&#8211; 5, Quai de l&#8217;Horloge &#8211; 75001 Paris<\/div>\n<div dir=\"ltr\">.<\/div>\n<div dir=\"ltr\">.<\/div>\n<div dir=\"ltr\">OBJET : Erreur de qualification juridique des moyens de cassation par le BAJ de la Cour de cassation &#8211; Recours contre la d\u00e9cision n\u00b0 2025C2266 notifi\u00e9e le 24 avril 2026 du BAJ de la Cour de cassation.<\/div>\n<div>.<\/div>\n<div>.<\/div>\n<div dir=\"ltr\"><b>Monsieur le Premier Pr\u00e9sident de la Cour de cassation<\/b>,<\/div>\n<div dir=\"ltr\">.<\/div>\n<div dir=\"ltr\">Par la pr\u00e9sente, l&#8217;Association AGIR ENSEMBLE POUR NOS DROITS a l\u2019honneur de former un recours devant vous afin de solliciter l\u2019annulation de la d\u00e9cision de rejet n\u00b0 2025C2266, notifi\u00e9e le 24 avril 2026, rendue par le Bureau d\u2019Aide Juridictionnelle\u00a0<i><b>(Pi\u00e8ce 4<\/b><\/i>).<\/div>\n<div dir=\"ltr\">.<\/div>\n<div dir=\"ltr\">\n<div>\n<div dir=\"ltr\">L&#8217;Association AGIR ENSEMBLE POUR NOS DROITS prend la libert\u00e9 de vous transmettre la copie de la\u00a0<b>plainte p\u00e9nale d\u00e9pos\u00e9e le 23 avril 2026 aupr\u00e8s du Procureur de la R\u00e9publique de Cr\u00e9teil\u00a0<\/b>avec copie \u00e0 la Pr\u00e9sidente du tribunal judiciaire de Cr\u00e9teil, Madame Mathieu et au Ministre de la Justice,\u00a0<b>dont l&#8217;enregistrement en urgence est sollicit\u00e9 (<\/b><i><b>Pi\u00e8ces 2, 3, 5<\/b><\/i><b>).<\/b><\/div>\n<div dir=\"ltr\">.<\/div>\n<div dir=\"ltr\"><b>Il est sollicit\u00e9 l&#8217;enregistrement en URGENCE, par le Parquet, de cette plainte.<\/b><\/div>\n<div dir=\"ltr\">.<\/div>\n<div dir=\"ltr\">Ce document \u00e9tablit la r\u00e9alit\u00e9 mat\u00e9rielle de faits susceptibles de recevoir une qualification p\u00e9nale dont la requ\u00e9rante est victime : un \u00e9cart injustifi\u00e9 de plus de 60% entre la cr\u00e9ance r\u00e9elle et celle port\u00e9e sur un acte authentique (le proc\u00e8s-verbal d&#8217;assembl\u00e9e g\u00e9n\u00e9rale du 25 mars 2026).<\/div>\n<div dir=\"ltr\">.<\/div>\n<div dir=\"ltr\">L\u2019enjeu de cette transmission d\u00e9passe la situation personnelle de la requ\u00e9rante.<\/div>\n<div dir=\"ltr\">.<\/div>\n<div dir=\"ltr\">Il s&#8217;agit de porter \u00e0 votre connaissance la mani\u00e8re dont un\u00a0<b>dysfonctionnement proc\u00e9dural<\/b>\u00a0&#8212;\u00a0 en l&#8217;occurrence le rejet de la demande d&#8217;aide juridictionnelle n\u00b0 2025C2266 par le BAJ de la Cour de cassation; malgr\u00e9 l&#8217;existence de moyens de cassation s\u00e9rieux &#8212; devient le moteur d&#8217;une\u00a0<b>atteinte grave et potentiellement irr\u00e9versible\u00a0\u00e0 la conservation du domicile de la requ\u00e9rante, prot\u00e9g\u00e9 par l\u2019article 8 CEDH.<\/b><\/div>\n<div dir=\"ltr\">.<\/div>\n<div dir=\"ltr\">Le droit au\u00a0<b>maintien de son domicile<\/b>\u00a0(Art. 8 CEDH) est un droit &#8220;fondamental&#8221; li\u00e9 \u00e0 la dignit\u00e9 et \u00e0 la vie priv\u00e9e. Une proc\u00e9dure vici\u00e9e ne doit pas aboutir si on sait qu&#8217;elle entra\u00eene l&#8217;expulsion d&#8217;une personne de son foyer.<\/div>\n<div dir=\"ltr\"><\/div>\n<div dir=\"ltr\">En l&#8217;absence d&#8217;intervention, la loi se trouve instrumentalis\u00e9e pour valider une spoliation immobili\u00e8re que l&#8217;expertise technique (AMO) d\u00e9ment pourtant formellement.<\/div>\n<div dir=\"ltr\">.<\/div>\n<div dir=\"ltr\">L&#8217;Association AGIR ENSEMBLE POUR NOS DROITS sollicite votre haute attention sur ce dossier, dans le cadre de vos attributions, au titre du bon fonctionnement du service public de la justice, afin que soient garantis les droits au recours effectif, \u00e0 la s\u00e9curit\u00e9 juridique, et \u00e0 la protection des citoyens contre les cons\u00e9quences d\u2019erreurs de droit manifestes commises par des auxiliaires de justice et des officiers minist\u00e9riels.<\/div>\n<div dir=\"ltr\">.<\/div>\n<\/div>\n<div dir=\"ltr\">PREAMBULE :<\/div>\n<\/div>\n<div dir=\"ltr\">.<\/div>\n<div dir=\"ltr\">Le pr\u00e9sent recours est\u00a0<b>recevable<\/b>\u00a0nonobstant l\u2019article 23 de la loi du 10 juillet 1991 d\u00e8s lors qu\u2019est invoqu\u00e9 un exc\u00e8s de pouvoir du BAJ r\u00e9sultant d\u2019une erreur manifeste sur la nature juridique des moyens soumis au BAJ.<\/div>\n<div dir=\"ltr\">.<\/div>\n<div dir=\"ltr\">\n<div dir=\"ltr\"><b>Cass. Civ. 2e, 22 mai 2014, n\u00b0 13-11.455 :<\/b>\u00a0Cet arr\u00eat traite du\u00a0<b>recours-nullit\u00e9<\/b>. Il dispose que, malgr\u00e9 les textes pr\u00e9voyant l&#8217;absence de recours contre certaines d\u00e9cisions (comme l&#8217;article 23 pour le BAJ), le recours est\u00a0<b>toujours recevable en cas d&#8217;exc\u00e8s de pouvoir<\/b>.<\/div>\n<div dir=\"ltr\">.<\/div>\n<div dir=\"ltr\">Le BAJ commet un exc\u00e8s de pouvoir s&#8217;il rejette l&#8217;AJ en d\u00e9naturant les moyens de droit en simples &#8220;faits&#8221;, car il prive alors d&#8217;un recours effectif.<\/div>\n<\/div>\n<div dir=\"ltr\">.<\/div>\n<div dir=\"ltr\">Le rejet du BAJ de la Cour de cassation a permis au syndic CITYA &#8212; via M. Lebreton &#8211; pr\u00e9sident du conseil syndical qui est la partie adverse &#8212;\u00a0<b>de se pr\u00e9valoir aux d\u00e9pens de la requ\u00e9rante, \u00e0 l&#8217;AG du 25 mars 2026, d&#8217;un jugement non censur\u00e9.<\/b><\/div>\n<div dir=\"ltr\">.<\/div>\n<div dir=\"ltr\"><b>Le BAJ a exc\u00e9d\u00e9 sa mission de filtrage\u00a0en neutralisant l\u2019acc\u00e8s effectif au juge de cassation.<\/b><\/div>\n<div dir=\"ltr\">.<\/div>\n<div dir=\"ltr\">Il a m\u00e9connu l\u2019office qui lui est confi\u00e9 en appr\u00e9ciant comme &#8220;non s\u00e9rieux&#8221; des moyens de cassation qui, au regard de leur nature juridique (notamment : contradiction de motifs, d\u00e9naturation, violation de la loi), pr\u00e9sentent un caract\u00e8re s\u00e9rieux au sens de l\u2019article 23 de la loi du 10 juillet 1991.<\/div>\n<div dir=\"ltr\">.<\/div>\n<div dir=\"ltr\">En qualifiant de simples &#8220;<i>contestations de faits<\/i>&#8221; des moyens relevant du contr\u00f4le de l\u00e9galit\u00e9 de la Cour de cassation, le BAJ a retenu une absence de caract\u00e8re s\u00e9rieux qui proc\u00e8de d\u2019une erreur manifeste d\u2019appr\u00e9ciation du crit\u00e8re pr\u00e9vu par l\u2019article 23 de la loi du 10 juillet 1991.<\/div>\n<div dir=\"ltr\">.<\/div>\n<div dir=\"ltr\">La d\u00e9cision du 2025C2266 du BAJ de la Cour de cassation, notifi\u00e9e le 24 avril 2026, retient l\u2019absence de moyen s\u00e9rieux. Cette appr\u00e9ciation est erron\u00e9e d\u00e8s lors que plusieurs griefs rel\u00e8vent manifestement du contr\u00f4le de l\u00e9galit\u00e9..<\/div>\n<div dir=\"ltr\">.<\/div>\n<div dir=\"ltr\">Ces moyens s\u00e9rieux de droit existent dans un contexte factuel d\u00e9j\u00e0 solidement objectiv\u00e9 tel que l&#8217;\u00e9tablit la plainte en date du et d\u00e9pos\u00e9e le 23 avril 2026 aupr\u00e8s du PROCUREUR de la REPUBLIQUE dont copie jointe (<b><i>Pi\u00e8ce 5<\/i><\/b>) .<\/div>\n<div dir=\"ltr\">.<\/div>\n<div dir=\"ltr\">Le pr\u00e9sent recours ne tend pas seulement \u00e0 faire r\u00e9tablir les droits proc\u00e9duraux mais \u00e0 montrer un risque continu :<\/div>\n<div dir=\"ltr\">.<\/div>\n<div dir=\"ltr\">&#8211;\u00a0<b>il vise \u00e0 pr\u00e9venir une atteinte grave au droit de propri\u00e9t\u00e9\u00a0<\/b>r\u00e9sultant d\u2019une erreur de droit manifeste,\u00a0<b>susceptible d\u2019entra\u00eener un pr\u00e9judice patrimonial irr\u00e9versible affectant la r\u00e9sidence principale de la requ\u00e9rante.<\/b><\/div>\n<div dir=\"ltr\">.<\/div>\n<div dir=\"ltr\">&#8211; il vise \u00e0 faire comprendre que\u00a0<strong>le refus d\u2019aide juridictionnelle emp\u00eache de faire contr\u00f4ler judiciairement une situation d\u00e9j\u00e0 objectivement \u00e9tay\u00e9e<\/strong>, avec menace patrimoniale grave.<\/div>\n<div dir=\"ltr\">.<\/div>\n<div dir=\"ltr\">Le refus du BAJ a permis la production en Assembl\u00e9e g\u00e9n\u00e9rale du 25 mars 2026, d&#8217;un titre invoqu\u00e9 au soutien de mesures de saisie.<\/div>\n<div dir=\"ltr\">Ce titre repose sur des discordances chiffr\u00e9es objectivement \u00e9tablies par pi\u00e8ces, notamment par le courriel de l\u2019AMO du 22 avril 2026 fixant le reste \u00e0 charge \u00e0 18 905,10 \u20ac, tr\u00e8s inf\u00e9rieur au montant de 30 709,91 \u20ac pr\u00e9sent\u00e9 en assembl\u00e9e g\u00e9n\u00e9rale.<\/div>\n<div dir=\"ltr\">.<\/div>\n<div dir=\"ltr\">Le BAJ a commis une erreur de qualification juridique.<br \/>\nIl a trait\u00e9 des moyens de droit comme des moyens de fait.<br \/>\nCela constitue un exc\u00e8s de pouvoir rendant le recours recevable.<\/div>\n<div dir=\"ltr\">.<\/div>\n<div dir=\"ltr\">En refusant l\u2019aide juridictionnelle, le BAJ prive la requ\u00e9rante de la seule voie permettant de faire censurer le jugement invoqu\u00e9 \u00e0 son encontre, ce qui expose son droit constitutionnel de propri\u00e9t\u00e9 \u00e0 un risque grave et imminent.<\/div>\n<div dir=\"ltr\">.<\/div>\n<div dir=\"ltr\">\n<div dir=\"ltr\">C\u2019est au regard du caract\u00e8re s\u00e9rieusement arguable des moyens tir\u00e9s de la violation, notamment, des articles 4, 455 et 1533 du CPC, ainsi que de l\u2019article 6 \u00a71 de la CEDH, que la d\u00e9cision de rejet appara\u00eet juridiquement infond\u00e9e au sens de l\u2019article 23 de la loi du 10 juillet 1991.<\/div>\n<div dir=\"ltr\">.<\/div>\n<div dir=\"ltr\">Le BAJ rejette par d\u00e9cision 2025C2266 en disant &#8220;<i>absence de moyen s\u00e9rieux car contestation de faits<\/i>&#8220;.<\/div>\n<div dir=\"ltr\">.<\/div>\n<div dir=\"ltr\">Or les moyens invoqu\u00e9s sont en r\u00e9alit\u00e9\u00a0<b>de droit pur<\/b>, notamment :<\/div>\n<div dir=\"ltr\">.<\/div>\n<div dir=\"ltr\">&#8211; contradiction de motifs,<\/div>\n<div dir=\"ltr\">&#8211; d\u00e9naturation,<\/div>\n<div dir=\"ltr\">&#8211; violation du CPC,<\/div>\n<div dir=\"ltr\">&#8211; violation d\u00e9cret AJ,<\/div>\n<div dir=\"ltr\">&#8211; atteinte droit au recours.<\/div>\n<div dir=\"ltr\">.<\/div>\n<div dir=\"ltr\"><strong>Objectifs\u00a0<\/strong>. Le texte ci-apr\u00e8s poursuit simultan\u00e9ment\u00a0<strong>4 buts<\/strong>\u00a0:<\/div>\n<div dir=\"ltr\">.<\/div>\n<div dir=\"ltr\"><strong>1. Rendre recevable un recours normalement ferm\u00e9<\/strong>\u00a0(article 23 loi 1991) via la th\u00e9orie de l\u2019<strong>exc\u00e8s de pouvoir \/ recours-nullit\u00e9<\/strong>.<\/div>\n<div dir=\"ltr\">.<\/div>\n<div dir=\"ltr\">La d\u00e9cision du BAJ est critiqu\u00e9e pour erreur de qualification juridique : des moyens de pur droit ont \u00e9t\u00e9 trait\u00e9s par le BAJ comme simples contestations de fait. Une telle m\u00e9connaissance de l\u2019office du BAJ caract\u00e9rise un\u00a0<b>exc\u00e8s de pouvoir<\/b>\u00a0ouvrant recours malgr\u00e9 l\u2019article 23 de la loi du 10 juillet 1991.<\/div>\n<div dir=\"ltr\"><\/div>\n<div dir=\"ltr\"><strong>2. D\u00e9montrer que les moyens de cassation sont s\u00e9rieux<\/strong>\u00a0(notamment : articles 4, 455, 1533 CPC, article 6 CEDH, art. 51 d\u00e9cret AJ).<\/div>\n<div dir=\"ltr\">.<\/div>\n<div dir=\"ltr\"><strong>3. Cr\u00e9er un contexte d\u2019urgence humaine et patrimoniale<\/strong>\u00a0(menace de saisie \/ pr\u00e9judice patrimonial irr\u00e9versible touchant la r\u00e9sidence principale).<\/div>\n<div dir=\"ltr\">.<\/div>\n<div dir=\"ltr\"><strong>4. Montrer qu\u2019un rejet du BAJ produit des cons\u00e9quences graves et injustes.<\/strong><\/div>\n<\/div>\n<div>.<\/div>\n<div dir=\"ltr\">\n<div dir=\"ltr\"><b>PARTIE A &#8211;\u00a0Le juge a tort sur la conciliation et se contredit (Droit \u00e0 l&#8217;assistance \/ D\u00e9naturation).<\/b><\/div>\n<div dir=\"ltr\">.<\/div>\n<div dir=\"ltr\">Bien que le pr\u00e9sent recours porte sur la l\u00e9galit\u00e9 de la d\u00e9cision du BAJ, il convient de souligner que l&#8217;erreur de qualification juridique commise par ce dernier (ayant trait\u00e9 comme des &#8220;faits&#8221; des violations flagrantes des articles 455 et 1533 du CPC) n&#8217;est pas seulement une m\u00e9connaissance technique.<\/div>\n<div dir=\"ltr\">.<\/div>\n<div dir=\"ltr\">En refusant l&#8217;acc\u00e8s au juge de cassation, le BAJ prive la requ\u00e9rante de la seule voie de droit capable de neutraliser un titre de cr\u00e9ance dont l&#8217;inexactitude mat\u00e9rielle est d\u00e9sormais \u00e9tablie.<\/div>\n<div dir=\"ltr\">.<\/div>\n<div dir=\"ltr\">Cette erreur de droit du BAJ devient ainsi le moteur d&#8217;une\u00a0<b>atteinte grave et irr\u00e9parable au droit de propri\u00e9t\u00e9\u00a0<\/b>fond\u00e9e sur une erreur de droit manifeste, rendant l&#8217;annulation de sa d\u00e9cision n\u00b0 2025C2266 imp\u00e9rieuse au regard des droits constitutionnels combin\u00e9s au droit \u00e0 un recours effectif (Art. 13 CEDH).<\/div>\n<div dir=\"ltr\">.<\/div>\n<div>\n<div dir=\"ltr\">\n<div dir=\"ltr\"><b>I. Violation caract\u00e9ris\u00e9e de l&#8217;article 1533 cpc<\/b><\/div>\n<div>.<\/div>\n<div dir=\"ltr\">\n<div>\n<div dir=\"ltr\"><b>I.1. Contradiction\u00a0irr\u00e9m\u00e9diable entre les constatations mat\u00e9rielles et la sanction d&#8217;irrecevabilit\u00e9.<\/b><\/div>\n<div dir=\"ltr\">.<\/div>\n<div dir=\"ltr\">L&#8217;analyse du jugement met en lumi\u00e8re une\u00a0<b>contradiction flagrante<\/b>\u00a0entre :<\/div>\n<div>.<\/div>\n<div>&#8211; les constatations mat\u00e9rielles du juge<\/div>\n<div>&#8211; et la sanction qu&#8217;il a appliqu\u00e9e.<\/div>\n<div>.<\/div>\n<div dir=\"ltr\">Le juge qui a \u00e9crit noir sur blanc dans l&#8217;<b>Expos\u00e9 du litige<\/b>\u00a0du jugement que &#8220;<i>la requ\u00e9rante invoque le refus du conciliateur de proc\u00e9der sans le concours de l&#8217;avocat dont les coordonn\u00e9es ont \u00e9t\u00e9 r\u00e9clam\u00e9es \u00e0 la scp H\u00e9l\u00e8ne Didier et Fran\u00e7ois Pinet&#8221;<\/i>,\u00a0<b>a valid\u00e9 l&#8217;existence d&#8217;un d\u00e9bat sur l&#8217;exercice d&#8217;un droit l\u00e9gal (<i>Pi\u00e8ce 1<\/i>).<\/b><\/div>\n<div dir=\"ltr\">.<\/div>\n<div dir=\"ltr\">En d\u00e9clarant ensuite la demande irrecevable :<\/div>\n<div dir=\"ltr\">.<\/div>\n<div dir=\"ltr\">&#8211; M. LEBRETON (via son conseil, Me Rodriguez qui repr\u00e9sente aussi le syndic CITYA)<\/div>\n<div dir=\"ltr\">&#8211; et le juge<\/div>\n<div dir=\"ltr\">.<\/div>\n<div dir=\"ltr\">violent l&#8217;esprit et la lettre de l&#8217;<b>article 1533 du CPC<\/b>.<\/div>\n<\/div>\n<p>.<\/p><\/div>\n<div dir=\"ltr\">L&#8217;article 1533 cpc dispose que les parties peuvent \u00eatre assist\u00e9es par une personne ayant qualit\u00e9 pour les assister devant le juge. En conciliation, l&#8217;avocat est un droit.<\/div>\n<div dir=\"ltr\">.<\/div>\n<div dir=\"ltr\"><b>I.2.\u00a0L&#8217;erreur de droit : la transformation de l&#8217;exercice d&#8217;un droit l\u00e9gal en faute proc\u00e9durale.<\/b><\/div>\n<div dir=\"ltr\">.<\/div>\n<div dir=\"ltr\"><b>Le constat du juge<\/b>\u00a0:\u00a0Dans son jugement RG n\u00b0 11-25-764, le juge a \u00e9crit que :<\/div>\n<div dir=\"ltr\">.<\/div>\n<div dir=\"ltr\">&#8211; &#8220;<i>la requ\u00e9rante demande \u00e0 \u00eatre assist\u00e9e<\/i>\u00a0&#8220;<\/div>\n<div dir=\"ltr\">-&#8221;\u00a0<i>le conciliateur bloque la mesure \u00e0 cause de cette demande.d&#8217;assistance<\/i>&#8220;<\/div>\n<div dir=\"ltr\">.<\/div>\n<div dir=\"ltr\"><b>L&#8217;erreur de droit :<\/b>\u00a0Faire peser la responsabilit\u00e9 de ce blocage sur la requ\u00e9rante revient \u00e0 dire que\u00a0<b>l&#8217;exercice d&#8217;un droit (\u00eatre assist\u00e9e) devient une faute (absence de conciliation)<\/b>.<\/div>\n<div dir=\"ltr\">.<\/div>\n<div dir=\"ltr\">C&#8217;est un contresens juridique total.<\/div>\n<div dir=\"ltr\">.<\/div>\n<div dir=\"ltr\">\n<div dir=\"ltr\"><b>II.\u00a0Atteinte aux droits de la d\u00e9fense et constat d&#8217;impossibilit\u00e9 mat\u00e9rielle<\/b><\/div>\n<div dir=\"ltr\">.<\/div>\n<div dir=\"ltr\">En mati\u00e8re de conciliation, l&#8217;assistance d&#8217;un avocat est une\u00a0<b>facult\u00e9 offerte par la loi<\/b>\u00a0(Article 1533 du CPC).<\/div>\n<div dir=\"ltr\">.<\/div>\n<div dir=\"ltr\">La requ\u00e9rante a exprim\u00e9 sa volont\u00e9 aupr\u00e8s du conciliateur, de b\u00e9n\u00e9ficier du concours de l&#8217;avocat dont les\u00a0 coordonn\u00e9es ont \u00e9t\u00e9 r\u00e9clam\u00e9es \u00e0 la scp H\u00e9l\u00e8ne Didier et Fran\u00e7ois Pinet &#8211; avocat aux conseils &#8211; 11, rue Soufflot &#8211; 75005 Paris &#8211; ; le conciliateur\u00a0<b>ne peut pas passer outre<\/b>.<\/div>\n<div dir=\"ltr\">.<\/div>\n<div dir=\"ltr\">Si le conciliateur d\u00e9cidait de mener la conciliation malgr\u00e9 la demande d&#8217;assistance (en for\u00e7ant la requ\u00e9rante \u00e0 discuter seule), il violerait les droits de la d\u00e9fense.<\/div>\n<div dir=\"ltr\">.<\/div>\n<div dir=\"ltr\">Quand il refuse de concilier parce que l&#8217;avocat n&#8217;est pas l\u00e0, il constate une\u00a0<b>impossibilit\u00e9 mat\u00e9rielle<\/b>.<\/div>\n<div dir=\"ltr\">.<\/div>\n<div dir=\"ltr\">Le juge, dans son jugement, a donc commis une erreur logique et juridique majeure :<\/div>\n<div dir=\"ltr\">.<\/div>\n<div dir=\"ltr\"><b>Position de la requ\u00e9rante :<\/b>\u00a0&#8220;<i>Je demande \u00e0 concilier avec le concours de l&#8217;avocat dont j&#8217;ai demand\u00e9 les coordonn\u00e9es \u00e0 la scp H\u00e9l\u00e8ne Didier et Fran\u00e7ois Pinet &#8211; avocat au Conseil d&#8217;Etat et \u00e0 la Cour de cassation &#8211; 11, rue Soufflot &#8211; 75005 Paris &#8211; ; la conciliation est bloqu\u00e9e \u00e0 cause de l&#8217;absence de cet avocat.<\/i>&#8220;<\/div>\n<div dir=\"ltr\">.<\/div>\n<div dir=\"ltr\"><b>La position du juge :<\/b>\u00a0&#8220;<i>Le motif est &#8216;obscur<\/i>&#8216;, et il en conclu que &#8220;la requ\u00e9rante n&#8217;a pas tent\u00e9&#8221; la conciliation et donc que c&#8217;est irrecevable.<\/div>\n<div dir=\"ltr\">.<\/div>\n<div dir=\"ltr\">L&#8217;exercice d&#8217;un droit (demander un avocat) ne peut pas \u00eatre transform\u00e9 en une faute (absence de conciliation).<\/div>\n<div dir=\"ltr\">Le conciliateur, en refusant de proc\u00e9der sans l&#8217;avocat, ne fait que prendre acte que\u00a0<b>les conditions d&#8217;une conciliation \u00e9quitable ne sont pas r\u00e9unies.<\/b><\/div>\n<div>.<\/div>\n<div>En qualifiant la situation d'&#8221;obscure&#8221;, le juge refuse de voir que le blocage ne vient pas de la requ\u00e9rante.<\/div>\n<div>.<\/div>\n<div><b>L&#8217;exc\u00e8s de pouvoir du juge :<\/b>\u00a0En imposant \u00e0 la requ\u00e9rante de concilier sans le concours de l&#8217;avocat r\u00e9clam\u00e9 (sous peine d&#8217;irrecevabilit\u00e9), le juge, M. Farsat, porte atteinte \u00e0 l&#8217;article 6 \u00a71 de la CEDH (droit au proc\u00e8s \u00e9quitable) et viole l&#8217;art 1533 cpc.<\/div>\n<div>.<\/div>\n<div><b>Le refus de statuer :<\/b>\u00a0En ne tranchant pas la question de savoir si le refus de communication des coordonn\u00e9es de l&#8217;avocat r\u00e9clam\u00e9 est l\u00e9gal, le juge valide une entrave au droit \u00e0 la d\u00e9fense et \u00e0 l&#8217;\u00e9galit\u00e9 des armes.<\/div>\n<div>.<\/div>\n<div>Le juge traite la requ\u00e9rante comme si elle avait\u00a0<b>refus\u00e9<\/b>\u00a0de concilier.<\/div>\n<div>.<\/div>\n<div>En r\u00e9alit\u00e9, la requ\u00e9rante est dans une\u00a0<b>impossibilit\u00e9<\/b>\u00a0de concilier conform\u00e9ment aux garanties l\u00e9gales (avec le concours de l&#8217;avocat r\u00e9clam\u00e9).<\/div>\n<div>.<\/div>\n<div dir=\"ltr\">\n<div>\n<div><b>En r\u00e9sum\u00e9 :<\/b>\u00a0Le conciliateur ne peut pas obliger la requ\u00e9rante \u00e0 renoncer au concours de l&#8217;avocat r\u00e9clam\u00e9. S&#8217;il ne peut pas garantir cette assistance, la conciliation est\u00a0<b>mat\u00e9riellement impossible<\/b>. Le juge, en ignorant cela, d\u00e9nature les faits et prive sa d\u00e9cision de base l\u00e9gale.<\/div>\n<div>.<\/div>\n<div>L&#8217;obstacle n&#8217;est pas &#8220;obscur&#8221;,\u00a0<b>il est l\u00e9gal<\/b>\u00a0: c&#8217;est le respect du droit \u00e0 la d\u00e9fense et \u00e0 l&#8217;\u00e9galit\u00e9 des armes.<\/div>\n<div>.<\/div>\n<div>Il acte officiellement l&#8217;argument (le refus du conciliateur de proc\u00e9der sans le concours de l&#8217;avocat dont les coordonn\u00e9es ont \u00e9t\u00e9 r\u00e9clam\u00e9es \u00e0 la scp H\u00e9l\u00e8ne Didier et Fran\u00e7ois Pinet).<\/div>\n<div>.<\/div>\n<div><b>La cons\u00e9quence logique :<\/b><\/div>\n<div>.<\/div>\n<div dir=\"ltr\">&#8211;\u00a0Si le juge note ce fait :\u00a0il a l&#8217;obligation de le v\u00e9rifier ou de l&#8217;analyser.<\/div>\n<div dir=\"ltr\">&#8211; S&#8217;il ne le fait pas, il ne peut pas qualifier la situation d&#8217; &#8220;obscure&#8221; quelques lignes plus bas.<\/div>\n<\/div>\n<p>.<\/p><\/div>\n<\/div>\n<div dir=\"ltr\"><b>III.\u00a0Aveu de d\u00e9naturation et m\u00e9connaissance des pi\u00e8ces du dossier<\/b><\/div>\n<div dir=\"ltr\">.<\/div>\n<div dir=\"ltr\">En notant l&#8217;argument dans l&#8217;expos\u00e9 du litige mais en le qualifiant de &#8220;motif obscur&#8221; dans ses propres motifs, le juge commet deux fautes :<\/div>\n<div dir=\"ltr\">.<\/div>\n<div dir=\"ltr\"><b>&#8211; La contradiction de motifs :<\/b>\u00a0On ne peut pas exposer un fait clair (le refus du conciliateur faute d&#8217;avocat) et dire ensuite qu&#8217;on ne comprend pas pourquoi la conciliation n&#8217;a pas eu lieu.<\/div>\n<div dir=\"ltr\">.<\/div>\n<div dir=\"ltr\"><b>&#8211; Le d\u00e9faut de base l\u00e9gale :<\/b>\u00a0Le juge avait l&#8217;obligation de v\u00e9rifier si le refus du conciliateur \u00e9tait l\u00e9gitime ou s&#8217;il constituait un obstacle insurmontable pour moi.<\/div>\n<div dir=\"ltr\">En ignorant cette v\u00e9rification, il prive sa d\u00e9cision de fondement juridique.<\/div>\n<div dir=\"ltr\">.<\/div>\n<div dir=\"ltr\">\n<div dir=\"ltr\"><b>III.1.\u00a0Vice de forme : La contradiction de motifs comme cause de nullit\u00e9 (Art. 455 CPC)<\/b><\/div>\n<div dir=\"ltr\">.<\/div>\n<div dir=\"ltr\">Le juge ne peut pas \u00e9crire :<\/div>\n<div dir=\"ltr\">.<\/div>\n<div dir=\"ltr\">&#8211;\u00a0que &#8220;<i>la requ\u00e9rante justifie l&#8217;absence de conciliation par un refus du conciliateur<\/i>&#8220;, dans l&#8217;expos\u00e9 du jugement<\/div>\n<div dir=\"ltr\">&#8211; puis \u00e9crire, dans les motifs du jugement, que ce motif est &#8220;obscur&#8221;.<\/div>\n<div dir=\"ltr\">.<\/div>\n<div dir=\"ltr\">C&#8217;est une incoh\u00e9rence textuelle qui entra\u00eene la cassation (Art. 455 CPC).<\/div>\n<div dir=\"ltr\">.<\/div>\n<\/div>\n<div dir=\"ltr\">\n<div>\n<div dir=\"ltr\">\n<div dir=\"ltr\"><b>III.2.\u00a0D\u00e9faut de base l\u00e9gale : L&#8217;absence de recherche sur l&#8217;imputabilit\u00e9 de l&#8217;\u00e9chec de la conciliation<\/b><\/div>\n<div dir=\"ltr\">.<\/div>\n<div dir=\"ltr\">Le juge a l&#8217;obligation de rechercher si l&#8217;\u00e9chec de la conciliation est\u00a0<b>imputable au demandeur<\/b>.<\/div>\n<div dir=\"ltr\">.<\/div>\n<div dir=\"ltr\"><b>L&#8217;exc\u00e8s de pouvoir du juge :<\/b>\u00a0En m&#8217;imposant de concilier sans le concours de l&#8217;avocat r\u00e9clam\u00e9 (sous peine d&#8217;irrecevabilit\u00e9), le juge, M. Farsat, porte atteinte \u00e0 l&#8217;article 6 \u00a71 de la CEDH (droit au proc\u00e8s \u00e9quitable), \u00e0 la d\u00e9cision n\u00b0 2015\/5956 et viole l&#8217;art 1533 cpc.<\/div>\n<div dir=\"ltr\">.<\/div>\n<div dir=\"ltr\">Le juge n&#8217;a pas tir\u00e9 les cons\u00e9quences juridiques de ses propres constatations.<\/div>\n<div dir=\"ltr\">.<\/div>\n<div dir=\"ltr\"><b>En r\u00e9sum\u00e9<\/b>\u00a0:<\/div>\n<div>Le jugement contient en lui-m\u00eame\u00a0<b>les \u00e9l\u00e9ments de sa propre annulation<\/b>\u00a0: il admet que j&#8217;aie soulev\u00e9 un obstacle pr\u00e9cis, mais il refuse de le traiter, pr\u00e9f\u00e9rant le masquer derri\u00e8re l&#8217;adjectif &#8220;obscur&#8221;.<\/div>\n<\/div>\n<div dir=\"ltr\">.<\/div>\n<\/div>\n<div dir=\"ltr\">\n<div dir=\"ltr\"><b>IV.\u00a0Grief de droit : La d\u00e9naturation des termes clairs et pr\u00e9cis de l&#8217;expos\u00e9 du litige<\/b><\/div>\n<div dir=\"ltr\">.<\/div>\n<div dir=\"ltr\">La d\u00e9naturation des faits survient lorsque le juge m\u00e9conna\u00eet le sens clair et pr\u00e9cis d&#8217;un document ou d&#8217;une preuve qui lui est soumise.<\/div>\n<div dir=\"ltr\">.<\/div>\n<div dir=\"ltr\"><b>Le fait clair :<\/b>\u00a0Le juge \u00e9crit lui-m\u00eame dans l&#8217;expos\u00e9 que &#8220;<i>le conciliateur refuse de concilier sans le concours de l&#8217;avocat r\u00e9clam\u00e9&#8221;<\/i>. C&#8217;est un fait \u00e9tabli et limpide.<\/div>\n<div dir=\"ltr\">.<\/div>\n<div dir=\"ltr\"><b>La d\u00e9naturation :<\/b>\u00a0Lorsqu&#8217;il qualifie ce m\u00eame fait d&#8217;\u00a0<b>&#8220;obscur&#8221;<\/b>\u00a0quelques lignes plus bas, le juge d\u00e9nature sa propre constatation. Il donne \u00e0 une situation pr\u00e9cise (le refus li\u00e9 \u00e0 l&#8217;article 1533 CPC) un caract\u00e8re vague qu&#8217;elle n&#8217;a pas.<\/div>\n<div dir=\"ltr\">.<\/div>\n<div dir=\"ltr\">\n<div dir=\"ltr\">Le juge a transform\u00e9 la demande de la requ\u00e9rante. La d\u00e9naturation est un grief de droit qui permet \u00e0 la Cour de cassation de censurer un juge qui d\u00e9nature les faits.<\/div>\n<div dir=\"ltr\">.<\/div>\n<div dir=\"ltr\">Le juge a \u00e9lud\u00e9 ses propres constatations.<\/div>\n<div dir=\"ltr\">.<\/div>\n<div dir=\"ltr\">.<\/div>\n<div dir=\"ltr\">\n<div dir=\"ltr\">\n<div dir=\"ltr\"><b>PARTIE B &#8211; De l&#8217;utilisation de l&#8217;amende civile comme instrument de dissuasion proc\u00e9durale<\/b><\/div>\n<div dir=\"ltr\">.<\/div>\n<div dir=\"ltr\">Le jugement RG n\u00b0 11-25-764 du 16 juin 2025 r\u00e9v\u00e8le\u00a0<b>un glissement inqui\u00e9tant vers l&#8217;arbitraire<\/b>. En sanctionnant la requ\u00e9rante d&#8217;une amende civile au motif d&#8217;un &#8220;<i>engorgement du greffe<\/i>&#8220;,\u00a0sans caract\u00e9risation concr\u00e8te des \u00e9l\u00e9ments constitutifs de l\u2019abus au sens de l\u2019article 32-1 CPC,\u00a0le magistrat substitue une logique comptable \u00e0 la r\u00e8gle de droit.<\/div>\n<div dir=\"ltr\">.<\/div>\n<div dir=\"ltr\"><b>Cass. Civ. 2e, 14 juin 2018, n\u00b0 17-18.966 :<\/b>\u00a0La Cour censure les juges qui prononcent des amendes civiles pour proc\u00e9dure abusive sans caract\u00e9riser une faute pr\u00e9cise (malice, mauvaise foi).<\/div>\n<div dir=\"ltr\">.<\/div>\n<div dir=\"ltr\">L&#8217;encombrement des tribunaux ou le nombre de requ\u00eates n&#8217;est pas une faute juridique. C&#8217;est un motif &#8220;extra-juridique&#8221;\u00a0<b>qui constitue un exc\u00e8s de pouvoir du juge<\/b>.<\/div>\n<div dir=\"ltr\">.<\/div>\n<div dir=\"ltr\">Cette motivation &#8220;ad personam&#8221;, qui qualifie de &#8220;peu compr\u00e9hensibles&#8221; des demandes pourtant fond\u00e9es sur des textes pr\u00e9cis (<b>Art. 1533 CPC combin\u00e9 \u00e0 la d\u00e9cision n\u00b0 2015\/5956<\/b>), d\u00e9montre que l&#8217;irrecevabilit\u00e9 prononc\u00e9e n&#8217;est pas le fruit d&#8217;une analyse juridique, mais d&#8217;une\u00a0<b>volont\u00e9 de sanctionner l&#8217;usager.<\/b><\/div>\n<div dir=\"ltr\">.<\/div>\n<div dir=\"ltr\">En refusant de voir ce &#8220;moyen s\u00e9rieux&#8221; (l&#8217;absence de motivation l\u00e9gale de l&#8217;amende et le refus de statuer sur le fond), le BAJ de la Cour de cassation valide une d\u00e9cision qui viole l&#8217;article 6 \u00a71 de la CEDH : le droit \u00e0 ce qu&#8217;une cause soit entendue par un tribunal\u00a0<b>impartial<\/b>\u00a0et\u00a0<b>statuant en droit, ensemble art. 1533 cpc.<\/b><\/div>\n<div dir=\"ltr\">.<\/div>\n<div dir=\"ltr\">La Cour de cassation ne peut pas accepter\u00a0que des juges\u00a0 utilisent les amendes pour &#8220;faire le m\u00e9nage&#8221; dans leurs dossiers.<\/div>\n<div dir=\"ltr\">.<\/div>\n<div dir=\"ltr\">\n<div dir=\"ltr\"><b>D\u00e9faut de base l\u00e9gale (art. 32-1 cpc)<\/b><\/div>\n<div dir=\"ltr\">.<\/div>\n<div dir=\"ltr\">Le jugement prononce une amende pour proc\u00e9dure abusive en se fondant sur :<\/div>\n<div dir=\"ltr\">.<\/div>\n<div dir=\"ltr\">&#8211; le nombre de requ\u00eates d\u00e9pos\u00e9es,<\/div>\n<div dir=\"ltr\">&#8211; leur caract\u00e8re pr\u00e9tendument peu compr\u00e9hensible,<\/div>\n<div dir=\"ltr\">&#8211; et l\u2019engorgement du greffe<\/div>\n<div dir=\"ltr\">.<\/div>\n<div dir=\"ltr\">sans caract\u00e9riser l\u2019existence :<\/div>\n<div dir=\"ltr\">&#8211; d\u2019une intention dilatoire,<\/div>\n<div dir=\"ltr\">&#8211; d\u2019une mauvaise foi<\/div>\n<div dir=\"ltr\">&#8211; ou d\u2019une l\u00e9g\u00e8ret\u00e9 bl\u00e2mable<\/div>\n<div dir=\"ltr\">.<\/div>\n<div dir=\"ltr\"><b>et sans caract\u00e9riser concr\u00e8tement les \u00e9l\u00e9ments constitutifs de l\u2019abus au sens de l\u2019article 32-1 du CPC<br \/>\n<\/b><\/div>\n<div dir=\"ltr\">.<\/div>\n<div dir=\"ltr\">Les seuls \u00e9l\u00e9ments tir\u00e9s du nombre de requ\u00eates et de l\u2019encombrement du greffe \u00e9tant impropres \u00e0 \u00e9tablir un abus du droit d\u2019ester en justice.<\/div>\n<div dir=\"ltr\">.<\/div>\n<div dir=\"ltr\">Alors que l&#8217;amende pour proc\u00e9dure abusive suppose la caract\u00e9risation d&#8217;une faute consistant en une intention malveillante ou une erreur grossi\u00e8re \u00e9quivalente au dol, le juge s&#8217;est born\u00e9 \u00e0 relever le nombre de requ\u00eates et l&#8217;encombrement du greffe.<\/div>\n<div dir=\"ltr\">.<\/div>\n<div dir=\"ltr\">En s&#8217;abstenant de rechercher, comme il y \u00e9tait invit\u00e9, si la multiplicit\u00e9 des saisines n&#8217;\u00e9tait pas rendue n\u00e9cessaire par le blocage de la conciliation, le juge a priv\u00e9 sa d\u00e9cision de base l\u00e9gale au regard de l&#8217;article 32-1 du CPC et viol\u00e9 l&#8217;art. 1533 cpc.<\/div>\n<\/div>\n<\/div>\n<div dir=\"ltr\">.<\/div>\n<\/div>\n<div dir=\"ltr\">.<\/div>\n<div dir=\"ltr\"><b>PARTIE C &#8211;<\/b>\u00a0<b>L&#8217;instrumentalisation de la proc\u00e9dure par la partie adverse (M. Lebreton &#8211; pr\u00e9sident du conseil syndical) et le pr\u00e9judice par ricochet<\/b><\/div>\n<\/div>\n<\/div>\n<\/div>\n<div dir=\"ltr\">.<\/div>\n<div dir=\"ltr\">Si le jugement RG n\u00b0 11-25-764 attaqu\u00e9 (du 16 juin 2025) avait sanctionn\u00e9 la violation de l&#8217;article 1533 CPC (le blocage de la conciliation par le refus d&#8217;assistance), le syndic &#8212; via la partie adverse &#8212; n&#8217;aurait jamais pu se pr\u00e9valoir d&#8217;un titre de cr\u00e9ance &#8220;certain&#8221; ou de proc\u00e9dures &#8220;infructueuses&#8221; lors de l&#8217;AG du 25 mars 2026.<\/div>\n<div dir=\"ltr\">.<\/div>\n<div dir=\"ltr\">Le BAJ de la Cour de cassation, en refusant l&#8217;aide juridictionnelle le 24 avril 2026,\u00a0<b>cristallise cette erreur judiciaire<\/b>\u00a0et permet au syndic &#8212;- via la partie adverse &#8212; d&#8217;utiliser un jugement vici\u00e9 pour justifier une saisie immobili\u00e8re.<\/div>\n<div dir=\"ltr\">.<\/div>\n<div dir=\"ltr\">La responsabilit\u00e9 du BAJ de la Cour de cassation est engag\u00e9e car son refus de voir le &#8220;moyen s\u00e9rieux&#8221; de droit prive la requ\u00e9rante de la seule protection capable d&#8217;arr\u00eater l&#8217;engrenage frauduleux.<\/div>\n<div dir=\"ltr\">.<\/div>\n<\/div>\n<div dir=\"ltr\">\n<div dir=\"ltr\"><b>I.\u00a0De la responsabilit\u00e9 de la partie adverse dans la cr\u00e9ation d&#8217;une impasse juridique et d&#8217;un climat de coercition<\/b><\/div>\n<div dir=\"ltr\">.<\/div>\n<div dir=\"ltr\">En soulevant l&#8217;irrecevabilit\u00e9\u00a0<i>in limine litis<\/i>\u00a0alors qu&#8217;ils savent (puisque c&#8217;est \u00e9crit dans l&#8217;expos\u00e9 du jugement) que le blocage vient de l&#8217;absence de l&#8217;avocat dont les coordonn\u00e9es ont \u00e9t\u00e9 r\u00e9clam\u00e9es \u00e0 la SCP Didier et Pinet :<\/div>\n<div dir=\"ltr\">.<\/div>\n<div dir=\"ltr\">&#8211; Ils tentent d&#8217;utiliser une\u00a0<b>formalit\u00e9 proc\u00e9durale<\/b>\u00a0(la conciliation obligatoire) pour supprimer un\u00a0<b>droit substantiel<\/b>\u00a0(l&#8217;acc\u00e8s au juge).<\/div>\n<div dir=\"ltr\">.<\/div>\n<div dir=\"ltr\">L&#8217;avocat du pr\u00e9sident du conseil syndical &#8212; Me Rodriguez, du barreau de Paris &#8212; qui est aussi celui du syndic CITYA,\u00a0 joue sur une &#8220;impasse&#8221; qu&#8217;ils ont eux-m\u00eames contribu\u00e9 \u00e0 maintenir en ne facilitant pas la r\u00e9solution du blocage.<\/div>\n<div dir=\"ltr\">.<\/div>\n<div dir=\"ltr\"><b>Conclusion<\/b><\/div>\n<div dir=\"ltr\">L&#8217;insertion \u00e9tablit\u00a0que le juge\u00a0<b>savait<\/b>\u00a0que le probl\u00e8me n&#8217;\u00e9tait pas un refus de concilier, mais l&#8217;impossibilit\u00e9 de le faire dans des conditions l\u00e9gales.<\/div>\n<div dir=\"ltr\">.<\/div>\n<div dir=\"ltr\">\n<div dir=\"ltr\"><b>II.\u00a0Le paradoxe de l&#8217;irrecevabilit\u00e9 : Une entrave au droit d&#8217;acc\u00e8s \u00e0 un tribunal (Art. 6 \u00a71 CEDH)<\/b><\/div>\n<div dir=\"ltr\">.<\/div>\n<div dir=\"ltr\">Le raisonnement de la partie adverse (et celui du juge qui le suit) est une impasse logique :<\/div>\n<div dir=\"ltr\">.<\/div>\n<div dir=\"ltr\"><b>La partie adverse reproche \u00e0 la requ\u00e9rante\u00a0<\/b>de ne pas avoir concili\u00e9.<\/div>\n<div dir=\"ltr\">.<\/div>\n<div dir=\"ltr\"><b>Le Conciliateur<\/b>\u00a0refuse de concilier car a requ\u00e9rante exige que son droit au concours de l&#8217;avocat r\u00e9clam\u00e9, droit garanti par l&#8217;article 1533 du CPC combin\u00e9 \u00e0 la d\u00e9cision n\u00b0 2015\/5956, soit respect\u00e9.<\/div>\n<div dir=\"ltr\">.<\/div>\n<div dir=\"ltr\"><b>Le Juge<\/b>\u00a0valide l&#8217;irrecevabilit\u00e9, ce qui revient \u00e0 dire :\u00a0<i>&#8220;Pour avoir le droit d&#8217;agir en justice, la requ\u00e9rante doit\u00a0 renoncer \u00e0 son droit d&#8217;\u00eatre assist\u00e9e par un avocat lors de la conciliation.&#8221;<\/i><\/div>\n<div dir=\"ltr\">.<\/div>\n<div dir=\"ltr\">C&#8217;est une\u00a0<b>atteinte \u00e0 la substance m\u00eame du droit d&#8217;acc\u00e8s au juge<\/b>\u00a0(Article 6 \u00a71 de la CEDH). Une formalit\u00e9 (la conciliation) ne peut pas devenir un obstacle insurmontable qui force \u00e0 abandonner les garanties l\u00e9gales.<\/div>\n<div dir=\"ltr\">.<\/div>\n<div dir=\"ltr\">La d\u00e9naturation et la contradiction sont des Moyens de cassation.<\/div>\n<div dir=\"ltr\">.<\/div>\n<div dir=\"ltr\"><b>III.\u00a0De la responsabilit\u00e9 de la partie adverse et l&#8217;incidence d\u00e9terminante du jugement du 16 juin 2025<\/b><\/div>\n<div dir=\"ltr\">.<\/div>\n<div dir=\"ltr\">L&#8217;instrumentalisation de la proc\u00e9dure par la partie adverse d\u00e9passe le cadre du simple litige civil. Il existe un lien de causalit\u00e9 direct entre les erreurs de droit du jugement attaqu\u00e9 RG n\u00b0 11-25-764, et la man\u0153uvre frauduleuse op\u00e9r\u00e9e lors de l&#8217;AG du 25 mars 2026 (<i><b>Pi\u00e8ce 5<\/b><\/i>)<b><i>.<\/i><\/b><\/div>\n<div dir=\"ltr\">.<\/div>\n<div dir=\"ltr\"><b>III.1. Le jugement vici\u00e9 comme outil de fraude :<\/b><\/div>\n<div dir=\"ltr\">.<\/div>\n<div dir=\"ltr\">En d\u00e9clarant la demande irrecevable par jugement RG n\u00b0 11-25-764, le 16 juin 2025, au m\u00e9pris de l&#8217;article 1533 CPC ensemble la d\u00e9cision n\u00b0 2015\/5956, le juge a offert au syndic un &#8220;blanc-seing&#8221; judiciaire.<\/div>\n<div dir=\"ltr\">.<\/div>\n<div dir=\"ltr\"><b>III.2. La d\u00e9sinformation des copropri\u00e9taires :<\/b><\/div>\n<div dir=\"ltr\">.<\/div>\n<div dir=\"ltr\">Fort de ce jugement, le syndic a pu pr\u00e9tendre, lors de l&#8217;AG du 25 mars 2026, que les d\u00e9marches \u00e9taient &#8220;infructueuses&#8221;, alors que l&#8217;\u00e9chec de la conciliation \u00e9tait imputable au non-respect de l&#8217;assistance par avocat.<\/div>\n<div dir=\"ltr\">.<\/div>\n<div dir=\"ltr\"><b>III.3. L&#8217;aggravation du pr\u00e9judice :<\/b><\/div>\n<div dir=\"ltr\">.<\/div>\n<div dir=\"ltr\">Si le droit \u00e0 l&#8217;assistance avait \u00e9t\u00e9 respect\u00e9 en 2025, l&#8217;AG de 2026 n&#8217;aurait jamais pu voter des r\u00e9solutions de saisie (n\u00b014 et 15) bas\u00e9es sur une dette major\u00e9e de 60%.<\/div>\n<div dir=\"ltr\">.<\/div>\n<div dir=\"ltr\"><b>IV. La responsabilit\u00e9 du BAJ de la Cour de cassation dans le maintien d&#8217;une situation illicite :<\/b><\/div>\n<div dir=\"ltr\">\n<div>.<\/div>\n<div>En notifiant un rejet par d\u00e9cision 2025C2266 notifi\u00e9e le 24 avril 2026, le BAJ de la Cour de cassation commet un exc\u00e8s de pouvoir par omission.<\/div>\n<div>.<\/div>\n<div dir=\"ltr\">En refusant de reconna\u00eetre le caract\u00e8re s\u00e9rieux des moyens de droit soulev\u00e9s, il valide r\u00e9troactivement une cha\u00eene d&#8217;irr\u00e9gularit\u00e9s qui aboutit aujourd&#8217;hui \u00e0 une\u00a0atteinte patrimoniale grave portant sur la r\u00e9sidence principale<b>\u00a0en violation des principes constitutionnels<\/b>,\u00a0fond\u00e9e sur une cr\u00e9ance\u00a0s\u00e9rieusement contest\u00e9e et mat\u00e9riellement discordante (<i><b>Pi\u00e8ce 5<\/b><\/i>).<\/div>\n<\/div>\n<div dir=\"ltr\">.<\/div>\n<div dir=\"ltr\">.<\/div>\n<div dir=\"ltr\"><b>PARTIE D.\u00a0Les violations proc\u00e9durales automatiques : Omission de statuer et m\u00e9connaissance du D\u00e9cret AJ<\/b><\/div>\n<\/div>\n<\/div>\n<div>.<\/div>\n<div dir=\"ltr\"><b>I.\u00a0D\u00e9faut de r\u00e9ponse \u00e0 conclusions : L&#8217;omission de statuer sur le blocage li\u00e9 \u00e0 la requ\u00eate pendante<\/b><\/div>\n<div dir=\"ltr\">.<\/div>\n<div dir=\"ltr\">Par ailleurs, le fait que le juge, M. Farsat, ignore\u00a0l&#8217;existence d&#8217;une requ\u00eate en omission de statuer pendante chez un autre juge (M. P\u00e9ron) est une faute de proc\u00e9dure majeure.<\/div>\n<div dir=\"ltr\">.<\/div>\n<div dir=\"ltr\">Le juge, M. Farsat, n&#8217;a pas r\u00e9pondu \u00e0 la requ\u00eate aff\u00e9rente \u00e0 la demande de communication de la d\u00e9cision motiv\u00e9e de la requ\u00eate en omission de statuer que la requ\u00e9rante a d\u00e9pos\u00e9e le 24 avril 2024 aupr\u00e8s du juge, M. P\u00e9ron.<\/div>\n<div dir=\"ltr\">.<\/div>\n<div dir=\"ltr\">Il a \u00e9t\u00e9 pr\u00e9cis\u00e9 \u00e0 l&#8217;audience du 16 juin 2025 du juge, M. Farsat, que l&#8217;absence de r\u00e9ponse \u00e0 la requ\u00eate en omission de statuer d\u00e9pos\u00e9e le 24 avril 2024 aupr\u00e8s du juge, M. P\u00e9ron, bloque tout.<\/div>\n<div dir=\"ltr\">.<\/div>\n<div dir=\"ltr\">Or le juge, M. Farsat, n&#8217;en parle pas du tout dans ses motifs ; les jugements sont donc nuls.<\/div>\n<div dir=\"ltr\">.<\/div>\n<div dir=\"ltr\">\n<div dir=\"ltr\"><b>II.\u00a0Violation d&#8217;ordre public de l&#8217;article 51 du d\u00e9cret AJ : L&#8217;irr\u00e9gularit\u00e9 du prononc\u00e9 du jugement<\/b><\/div>\n<div dir=\"ltr\">.<\/div>\n<div dir=\"ltr\">Le fait de statuer alors qu&#8217;une demande d&#8217;aide juridictionnelle est pendante est une violation directe d&#8217;une r\u00e8gle de proc\u00e9dure. Ce n&#8217;est pas une &#8220;appr\u00e9ciation des faits&#8221;, c&#8217;est une erreur de droit automatique.<\/div>\n<div dir=\"ltr\">.<\/div>\n<\/div>\n<div dir=\"ltr\">.<\/div>\n<div dir=\"ltr\"><b>PARTIE E.\u00a0L&#8217;exc\u00e8s de pouvoir du BAJ : Une m\u00e9connaissance de sa propre comp\u00e9tence<\/b><\/div>\n<div dir=\"ltr\">.<\/div>\n<div dir=\"ltr\">L\u2019erreur du BAJ<b>\u00a0n\u2019est pas th\u00e9orique<\/b>.<\/div>\n<div dir=\"ltr\">.<\/div>\n<div dir=\"ltr\">En refusant l\u2019aide juridictionnelle au motif erron\u00e9 d\u2019une pr\u00e9tendue contestation de faits, il prive la requ\u00e9rante de la seule voie permettant de faire censurer un jugement dont les effets servent aujourd\u2019hui de support \u00e0 des mesures coercitives fond\u00e9es sur des montants mat\u00e9riellement discordants d\u00e9j\u00e0 signal\u00e9s et partiellement rectifi\u00e9s par un tiers technique ind\u00e9pendant.<\/div>\n<div dir=\"ltr\"><\/div>\n<div>\n<div dir=\"ltr\"><b>I.\u00a0La confusion d\u00e9lib\u00e9r\u00e9e entre moyens de fait et moyens de pur droit par le BAJ<\/b><\/div>\n<div>.<\/div>\n<div>Pour la Cour de cassation, ce n&#8217;est pas une question d&#8217;interpr\u00e9tation des faits, c&#8217;est une\u00a0<b>erreur de raisonnement juridique<\/b>\u00a0flagrante.<\/div>\n<div>.<\/div>\n<div>Le juge a sanctionn\u00e9 l&#8217;exercice d&#8217;un droit (celui d&#8217;\u00eatre assist\u00e9e) en le transformant en une faute proc\u00e9durale.<\/div>\n<\/div>\n<div dir=\"ltr\">\n<div dir=\"ltr\">.<\/div>\n<div dir=\"ltr\">Le BAJ de la Cour de cassation pr\u00e9tend que &#8220;<i>la requ\u00e9rante conteste les faits<\/i>&#8220;.<\/div>\n<div dir=\"ltr\">.<\/div>\n<div dir=\"ltr\"><b>C\u2019est inexact<\/b>. car la requ\u00e9rante soul\u00e8ve des\u00a0<b>moyens de pur droit<\/b>\u00a0:<\/div>\n<div dir=\"ltr\">.<\/div>\n<div dir=\"ltr\"><b>La contradiction de motifs (Art. 455 CPC) :<\/b>\u00a0Ce n&#8217;est pas une question de faits, c&#8217;est une question de\u00a0<b>logique r\u00e9dactionnelle<\/b>. Si le juge \u00e9crit &#8220;A&#8221; (le conciliateur refuse) puis &#8220;non A&#8221; (le motif est obscur), il viole une r\u00e8gle de forme imp\u00e9rative. La Cour de cassation contr\u00f4le toujours cela.<\/div>\n<div dir=\"ltr\">.<\/div>\n<div dir=\"ltr\"><b>II.\u00a0\u00a0Le grief de d\u00e9naturation de l&#8217;objet du litige (Art. 4 CPC)<\/b><\/div>\n<div dir=\"ltr\">.<\/div>\n<div dir=\"ltr\">Selon l&#8217;<b>article 4 du Code de proc\u00e9dure civile<\/b>, le juge ne peut pas modifier l&#8217;objet du proc\u00e8s tel qu&#8217;il est d\u00e9termin\u00e9 par les pr\u00e9tentions des parties.<br \/>\n.<\/div>\n<div dir=\"ltr\"><b>Ce qui a \u00e9t\u00e9 soumis au juge :<\/b>\u00a0la requ\u00e9rante a saisi le juge pour contester un &#8220;blocage judiciaire&#8221; et une impossibilit\u00e9 de concilier due \u00e0 l&#8217;absence de l&#8217;avocat r\u00e9clam\u00e9.<\/div>\n<div dir=\"ltr\">.<\/div>\n<div dir=\"ltr\"><b>Ce que le juge a fait :<\/b>\u00a0Il a transform\u00e9 la demande en un simple &#8220;d\u00e9faut de conciliation par mauvaise volont\u00e9&#8221; ou &#8220;motif obscur&#8221;.<\/div>\n<div dir=\"ltr\">.<\/div>\n<div dir=\"ltr\"><b>Le grief :<\/b>\u00a0En changeant la nature du probl\u00e8me (passant d&#8217;un\u00a0<i>droit \u00e0 l&#8217;assistance entrav\u00e9<\/i>\u00a0\u00e0 une\u00a0<i>absence injustifi\u00e9e de formalit\u00e9<\/i>), le juge a\u00a0<b>d\u00e9natur\u00e9 l&#8217;objet du litige<\/b>. Il n&#8217;a pas jug\u00e9 ce qui lui a \u00e9t\u00e9 demand\u00e9 , il a jug\u00e9 une situation qu&#8217;il a lui-m\u00eame r\u00e9\u00e9crite.<\/div>\n<div dir=\"ltr\">.<\/div>\n<div dir=\"ltr\">\n<div>\n<div dir=\"ltr\">\n<div dir=\"ltr\"><b>III.\u00a0Le recours-nullit\u00e9 pour exc\u00e8s de pouvoir : Briser le verrou de l&#8217;article 23 de la loi de 1991<\/b><\/div>\n<\/div>\n<div>.<\/div>\n<div dir=\"ltr\">En se retranchant derri\u00e8re l\u2019<b>article 23<\/b>\u00a0de la loi du 10 juillet 1991 (qui dispose que les d\u00e9cisions du BAJ sont sans recours), le BAJ de la Cour de cassation commet une erreur de droit car, par ce biais, il s&#8217;autorise \u00e0 ignorer un\u00a0<b>exc\u00e8s de pouvoir<\/b>\u00a0ou une\u00a0<b>violation des droits fondamentaux<\/b>.<\/div>\n<div>.<\/div>\n<div dir=\"ltr\">Il existe un principe de valeur constitutionnelle :\u00a0<b>aucune disposition l\u00e9gislative ne peut interdire un recours en cassation contre une d\u00e9cision entach\u00e9e d&#8217;exc\u00e8s de pouvoir.<\/b><\/div>\n<div dir=\"ltr\">.<\/div>\n<div dir=\"ltr\">Il r\u00e9sulte du droit au recours effectif et du principe du proc\u00e8s \u00e9quitable que l\u2019appr\u00e9ciation du caract\u00e8re s\u00e9rieux des moyens ne peut reposer sur une d\u00e9naturation de leur nature juridique.<\/div>\n<div dir=\"ltr\">.<\/div>\n<div dir=\"ltr\">Le BAJ utilise l&#8217;article 23 pour valider une proc\u00e9dure o\u00f9 :<\/div>\n<div dir=\"ltr\">.<\/div>\n<div dir=\"ltr\">&#8211; Les moyens de pur droit sont ignor\u00e9s ou travestis en &#8220;<i>faits<\/i>&#8220;,<\/div>\n<div dir=\"ltr\">&#8211; Le droit \u00e0 l&#8217;assistance d&#8217;un avocat (Art. 1533 CPC) est rendu th\u00e9orique et illusoire,<\/div>\n<div dir=\"ltr\">&#8211; La d\u00e9cision est sign\u00e9e par le seul greffier (vice de forme),<\/div>\n<div dir=\"ltr\">\n<div>.<\/div>\n<div>Il\u00a0<b>exc\u00e8de ses pouvoirs<\/b>\u00a0en se pla\u00e7ant au-dessus des principes du proc\u00e8s \u00e9quitable.<\/div>\n<\/div>\n<div>.<\/div>\n<div>Selon l&#8217;article 1533 du Code de proc\u00e9dure civile, les parties peuvent \u00eatre assist\u00e9es par un avocat lors de la conciliation.<\/div>\n<div>.<\/div>\n<div dir=\"ltr\">Si le conciliateur refuse de proc\u00e9der parce qu&#8217;il manque un avocat, il cr\u00e9e un\u00a0<b>blocage institutionnel<\/b>.<\/div>\n<div dir=\"ltr\">La requ\u00e9rante n&#8217;est pas responsable de l&#8217;absence de l&#8217;avocat puisque la d\u00e9cision n\u00b0 2015\/5956 est une aide juridictionnelle pour lui permettre de b\u00e9n\u00e9ficier imm\u00e9diatement du concours de l&#8217;avocat dont\u00a0 les coordonn\u00e9es ont \u00e9t\u00e9 r\u00e9clam\u00e9es \u00e0 la scp H\u00e9l\u00e8ne Didier et Fran\u00e7ois Pinet &#8211; 11, rue Soufflot &#8211; 75005 Paris &#8211; (ci-apr\u00e8s : l&#8217;avocat r\u00e9clam\u00e9).<\/div>\n<div>.<\/div>\n<div dir=\"ltr\">L&#8217;article 25 de la loi du 10 juillet 1991 dispose que : &#8220;<i>Le b\u00e9n\u00e9ficiaire de l&#8217;aide juridictionnelle a droit \u00e0 l&#8217;assistance d&#8217;un avocat.<\/i>&#8220;<\/div>\n<div dir=\"ltr\">.<\/div>\n<div dir=\"ltr\">La jurisprudence constante rappelle que l&#8217;aide juridictionnelle est un droit effectif et non th\u00e9orique.<\/div>\n<div dir=\"ltr\"><strong>CEDH, Airey c. Irlande, 9 octobre 1979<\/strong><\/div>\n<div dir=\"ltr\">.<\/div>\n<div dir=\"ltr\">Le droit d\u2019acc\u00e8s au juge doit \u00eatre \u201ceffectif et concret\u201d<\/div>\n<div dir=\"ltr\"><strong>CEDH, Golder c. Royaume-Uni, 21 f\u00e9vrier 1975<\/strong><\/div>\n<div dir=\"ltr\">.<\/div>\n<div dir=\"ltr\"><strong>CEDH, Steel et Morris c. Royaume-Uni, 15 f\u00e9vrier 2005<\/strong><\/div>\n<div dir=\"ltr\"><b>&#8211;\u00a0<\/b>(cas \u201cMcLibel\u201d)<\/div>\n<div dir=\"ltr\">&#8211; violation de l\u2019article 6 car absence d\u2019aide juridique suffisante<\/div>\n<div dir=\"ltr\">&#8211; d\u00e9s\u00e9quilibre proc\u00e9dural = atteinte au proc\u00e8s \u00e9quitable<\/div>\n<div dir=\"ltr\">.<\/div>\n<div dir=\"ltr\">Pour la jurisprudence, l\u2019aide juridictionnelle et le droit au recours doivent permettre un\u00a0<strong>acc\u00e8s r\u00e9el au juge<\/strong>, pas seulement formel.<\/div>\n<div dir=\"ltr\">.<\/div>\n<div dir=\"ltr\"><b>Cass. Mixte, 16 d\u00e9cembre 2005, n\u00b0 05-10.302 :<\/b>\u00a0Dans cet arr\u00eat, la Cour de cassation y affirme que le droit \u00e0 un proc\u00e8s \u00e9quitable implique un\u00a0<b>droit d&#8217;acc\u00e8s concret et effectif aux tribunaux<\/b>. Elle pr\u00e9cise que les restrictions ne doivent pas porter atteinte \u00e0 la substance m\u00eame de ce droit.<\/div>\n<div dir=\"ltr\">.<\/div>\n<div dir=\"ltr\">En transformant l&#8217;exercice du droit \u00e0 l&#8217;avocat (Art. 1533 CPC ensemble d\u00e9cision 2015\/5956) en une &#8220;irrecevabilit\u00e9&#8221; pour d\u00e9faut de conciliation, le juge a vid\u00e9 de sa substance le droit d&#8217;acc\u00e8s au tribunal.<\/div>\n<div dir=\"ltr\">.<\/div>\n<div dir=\"ltr\"><b>Cass. Civ. 1\u00e8re, 25 mars 2010, n\u00b0 09-12.721 :<\/b>\u00a0La Cour rappelle que l&#8217;aide juridictionnelle doit permettre \u00e0 la partie d&#8217;\u00eatre\u00a0<b>assist\u00e9e efficacement<\/b>.<\/div>\n<div dir=\"ltr\">.<\/div>\n<div dir=\"ltr\">Si le conciliateur ou le juge imposent de proc\u00e9der sans le concours de l&#8217;avocat r\u00e9clam\u00e9, ils rendent l&#8217;AJ &#8220;th\u00e9orique et illusoire&#8221; au sens de la jurisprudence\u00a0<i>Airey c. Irlande<\/i>.<\/div>\n<div dir=\"ltr\"><\/div>\n<div dir=\"ltr\">Accorder une aide juridictionnelle th\u00e9orique (n\u00b0 2015\/5956)\u00a0 mais la rendre impossible en pratique est une violation directe de ce principe.<\/div>\n<div dir=\"ltr\">.<\/div>\n<div dir=\"ltr\">La mission de la requ\u00e9rante pour b\u00e9n\u00e9ficier du concours de l&#8217;avocat r\u00e9clam\u00e9, est donc achev\u00e9e jusqu&#8217;\u00e0 la production des coordonn\u00e9es de l&#8217;avocat r\u00e9clam\u00e9.<\/div>\n<div>.<\/div>\n<div><b>Cons\u00e9quence :<\/b>\u00a0Le juge ne peut pas lui reprocher une absence de conciliation qui est le r\u00e9sultat de l&#8217;absence du concours de l&#8217;avocat r\u00e9clam\u00e9.<\/div>\n<div>.<\/div>\n<div dir=\"ltr\">La jurisprudence de la Cour de cassation (notamment l&#8217;arr\u00eat\u00a0<i><b>Cass. Civ 2e, 22 mai 2014, n\u00b013-11.455<\/b><\/i>) pr\u00e9cise que le principe de &#8220;l&#8217;absence de recours&#8221; tombe en cas d&#8217;<b>exc\u00e8s de pouvoir<\/b>.<\/div>\n<div>.<\/div>\n<div>En refusant d&#8217;examiner des moyens de\u00a0<b>pur droit<\/b>\u00a0(violation d&#8217;articles du CPC) pour les qualifier d&#8217;appr\u00e9ciation &#8220;souveraine des faits&#8221;, le BAJ de la Cour de cassation m\u00e9conna\u00eet sa propre comp\u00e9tence. Il ne &#8220;filtre&#8221; plus. Son\u00a0rejet a pour effet de priver la requ\u00e9rante de l\u2019acc\u00e8s effectif au juge de cassation.<\/div>\n<div>C&#8217;est un d\u00e9ni de justice proc\u00e9dural.<\/div>\n<div>.<\/div>\n<\/div>\n<div dir=\"ltr\">\n<div dir=\"ltr\"><b>IV.\u00a0La violation du droit au recours effectif : L&#8217;\u00e9touffement des moyens s\u00e9rieux<\/b><\/div>\n<div dir=\"ltr\">.<\/div>\n<div dir=\"ltr\">En refusant d&#8217;admettre que ces points sont des questions de droit, le BAJ commet lui-m\u00eame une erreur grave.<\/div>\n<div dir=\"ltr\">.<\/div>\n<div dir=\"ltr\"><b>Sa mission :<\/b>\u00a0Filtrer les pourvois qui n&#8217;ont aucune chance juridique.<\/div>\n<div dir=\"ltr\">.<\/div>\n<div dir=\"ltr\"><b>Son erreur ici :<\/b>\u00a0En qualifiant de &#8220;faits&#8221; ce qui rel\u00e8ve manifestement de la &#8220;proc\u00e9dure&#8221; et de la &#8220;l\u00e9galit\u00e9&#8221;, il prive la requ\u00e9rante de son droit d&#8217;acc\u00e8s au juge de cassation.<\/div>\n<div dir=\"ltr\">.<\/div>\n<div dir=\"ltr\"><b>Jurisprudence :<\/b>\u00a0Comme cela est soulign\u00e9, l&#8217;article 23 (pas de recours contre les d\u00e9cisions du BAJ) ne s&#8217;applique pas en cas d&#8217;<b>exc\u00e8s de pouvoir<\/b>.<\/div>\n<div dir=\"ltr\">Le fait pour le BAJ de m\u00e9conna\u00eetre la nature juridique des moyens pour refuser l&#8217;aide est un exc\u00e8s de pouvoir.<\/div>\n<div dir=\"ltr\">.<\/div>\n<div dir=\"ltr\"><b>V.\u00a0L&#8217;erreur de raisonnement flagrante : Constat d&#8217;une incoh\u00e9rence textuelle manifeste<\/b><\/div>\n<div dir=\"ltr\">.<\/div>\n<div dir=\"ltr\">L&#8217;erreur du BAJ est visible dans le texte du jugement RG n\u00b0 11-25-764.<\/div>\n<div dir=\"ltr\">.<\/div>\n<div dir=\"ltr\">L&#8217;erreur est &#8220;flagrante&#8221; car elle appara\u00eet \u00e0 la simple lecture du jugement RG n\u00b0 11-25-764 :<\/div>\n<div dir=\"ltr\">.<\/div>\n<div dir=\"ltr\"><b>Ligne 5 :<\/b>\u00a0Le juge \u00e9crit que la requ\u00e9rante invoque le refus du conciliateur.<\/div>\n<div dir=\"ltr\"><b>Ligne 10 :<\/b>\u00a0Le juge \u00e9crit que le motif est &#8220;obscur&#8221;.<\/div>\n<div dir=\"ltr\">.<\/div>\n<div dir=\"ltr\">Nul besoin d&#8217;enqu\u00eater sur les faits pour voir que ces deux phrases ne peuvent pas cohabiter juridiquement.<\/div>\n<div dir=\"ltr\">.<\/div>\n<div dir=\"ltr\">Le BAJ, en disant qu&#8217;il n&#8217;y a pas de &#8220;moyen s\u00e9rieux&#8221;, semble avoir ignor\u00e9 cette\u00a0<b>incoh\u00e9rence textuelle<\/b>\u00a0qui est pourtant un cas de cassation classique.<\/div>\n<div dir=\"ltr\">.<\/div>\n<div dir=\"ltr\">Le BAJ soutient qu&#8217;aucun recours n&#8217;est possible. C&#8217;est leur &#8220;bouclier&#8221;. Mais ce bouclier tombe devant la Cour de cassation car :<\/div>\n<div dir=\"ltr\">.<\/div>\n<div dir=\"ltr\">&#8211; Le BAJ n&#8217;a pas rempli sa mission d&#8217;examen (signature par le seul greffier, absence de d\u00e9lib\u00e9ration coll\u00e9giale, etc.).<\/div>\n<div dir=\"ltr\">.<\/div>\n<div dir=\"ltr\">&#8211; Le BAJ a d\u00e9natur\u00e9 les moyens de droit en les qualifiant de moyens de fait (Exc\u00e8s de pouvoir).<\/div>\n<div dir=\"ltr\">.<\/div>\n<div dir=\"ltr\"><b>Conclusion :\u00a0De l&#8217;obligation de constater la nullit\u00e9 de la d\u00e9cision du BAJ pour exc\u00e8s de pouvoir<\/b><\/div>\n<div dir=\"ltr\">.<\/div>\n<div dir=\"ltr\">Le BAJ a rendu une d\u00e9cision de rejet &#8220;automatique&#8221; sans prendre la mesure de la violation des r\u00e8gles de proc\u00e9dure (notamment l&#8217;article 1533 cpc sur le droit de b\u00e9n\u00e9ficier du concours de l&#8217;avocat r\u00e9clam\u00e9 devant le conciliateur, et l&#8217;article 455 cpc sur la contradiction).<\/div>\n<div dir=\"ltr\">.<\/div>\n<div dir=\"ltr\">L&#8217;argument sur l&#8217;<b>exc\u00e8s de pouvoir<\/b>\u00a0est la seule voie pour briser le verrou de l&#8217;article 23 et forcer l&#8217;examen de des moyens s\u00e9rieux.<\/div>\n<div dir=\"ltr\">.<\/div>\n<div dir=\"ltr\">\n<div>Le BAJ pr\u00e9tend que &#8220;<i>la requ\u00e9rante conteste les faits<\/i>&#8220;. Or, les moyens soulev\u00e9s portent sur la\u00a0<b>m\u00e9connaissance de la r\u00e8gle de droit<\/b>\u00a0par le juge :<\/div>\n<div>.<\/div>\n<div><b>La contradiction de motifs (Art. 455 CPC) :<\/b>\u00a0C&#8217;est un vice de forme de la d\u00e9cision. La Cour de cassation contr\u00f4le si le juge a respect\u00e9 la logique interne de son jugement. Ce n&#8217;est pas une question de savoir\u00a0<i>ce qui s&#8217;est pass\u00e9<\/i>\u00a0(faits), mais de savoir si le juge a\u00a0<i>correctement r\u00e9dig\u00e9<\/i>\u00a0sa d\u00e9cision (droit).<\/div>\n<div>.<\/div>\n<div><b>La d\u00e9naturation (Art. 4 CPC) :<\/b>\u00a0La Cour de cassation juge si le magistrat a &#8220;trahi&#8221; le sens clair d&#8217;un document. C&#8217;est un moyen de droit pur.<\/div>\n<div><span style=\"font-family: Google Sans Text, sans-serif;\">.<\/span><\/div>\n<div><b>Le droit \u00e0 l&#8217;assistance (Art. 1533 CPC)<\/b>\u00a0: Il est pr\u00e9cis\u00e9 que le juge a cr\u00e9\u00e9 une\u00a0<b>condition d&#8217;irrecevabilit\u00e9 ill\u00e9gale<\/b>\u00a0:<\/div>\n<div>.<\/div>\n<div dir=\"ltr\">La requ\u00e9rante ne discute pas de la m\u00e9t\u00e9o ou de l&#8217;ambiance de la conciliation (faits).<\/div>\n<div dir=\"ltr\">.<\/div>\n<div dir=\"ltr\">Elle soutient que la loi lui donne le droit d&#8217;\u00eatre assist\u00e9e en conciliation et que sanctionner l&#8217;exercice de ce droit par une irrecevabilit\u00e9 est une\u00a0<b>violation de la hi\u00e9rarchie des normes<\/b>\u00a0(le CPC et la CEDH face \u00e0 une d\u00e9cision locale).<\/div>\n<div dir=\"ltr\"><span style=\"font-family: Google Sans Text, sans-serif;\">.<\/span><\/div>\n<div dir=\"ltr\"><b>L&#8217;exc\u00e8s de pouvoir<\/b>\u00a0:\u00a0Le principe soulev\u00e9 ici est celui du &#8220;recours-nullit\u00e9&#8221;.<\/div>\n<div dir=\"ltr\">.<\/div>\n<div dir=\"ltr\">La jurisprudence cit\u00e9e supra est le fondement m\u00eame qui permet de dire :\u00a0<i>&#8220;Le BAJ dit que la requ\u00e9rante n&#8217;a pas de recours, mais comme il a commis une erreur de droit manifeste en refusant de voir ses moyens s\u00e9rieux, il a exc\u00e9d\u00e9 ses pouvoirs, donc le recours doit \u00eatre d\u00e9clar\u00e9\u00a0<b>recevable.<\/b>&#8220;<\/i><\/div>\n<div><i>.<\/i><\/div>\n<div dir=\"ltr\"><b>Demandes :<\/b><\/div>\n<div dir=\"ltr\">.<\/div>\n<div dir=\"ltr\"><b>L<\/b><b>e juge et le BAJ n&#8217;ont pas respect\u00e9 les r\u00e8gles du jeu (la proc\u00e9dure)<\/b>.<\/div>\n<div>.<\/div>\n<div>Si le BAJ \u00e9carte ces points en les traitant de simples &#8220;contestations de faits&#8221;, il ignore effectivement la nature technique des griefs, ce qui constitue le c\u0153ur de l&#8217;argument sur l&#8217;exc\u00e8s de pouvoir.<\/div>\n<div>.<\/div>\n<div dir=\"ltr\">En cons\u00e9quence :<\/div>\n<div dir=\"ltr\">.<\/div>\n<div dir=\"ltr\"><b>CONSTATER<\/b>\u00a0que les moyens soulev\u00e9s contre le jugement RG n\u00b0 11-25-764 ne sont pas des moyens de fait, mais des\u00a0<b>moyens de pur droit<\/b>\u00a0(violation des articles 4, 455 et 1533 du CPC) ;<\/div>\n<div dir=\"ltr\">.<\/div>\n<div dir=\"ltr\"><b>CONSTATER<\/b>\u00a0que le Bureau d&#8217;Aide Juridictionnelle (BAJ), en qualifiant ces moyens de &#8220;faits&#8221; pour refuser l&#8217;aide, a commis une erreur de qualification juridique constituant un\u00a0<b>exc\u00e8s de pouvoir<\/b>\u00a0;<\/div>\n<div dir=\"ltr\">.<\/div>\n<div dir=\"ltr\"><b>CONSTATER<\/b>\u00a0la violation d&#8217;ordre public de l&#8217;article 51 du d\u00e9cret du 19 d\u00e9cembre 1991, le juge ayant statu\u00e9 alors qu&#8217;une demande d&#8217;aide juridictionnelle \u00e9tait pendante ;<\/div>\n<div dir=\"ltr\">.<\/div>\n<div dir=\"ltr\"><b>CONSTATER<\/b>\u00a0que le jugement RG n\u00b0 11-25-764 du 16 juin 2025 constitue le fondement erron\u00e9 sur lequel le syndic CITYA a b\u00e2ti sa strat\u00e9gie de recouvrement coercitif lors de l&#8217;AG du 25 mars 2026 ;<\/div>\n<div dir=\"ltr\">.<\/div>\n<div dir=\"ltr\"><b>CONSTATER<\/b>\u00a0que le rejet du BAJ notifi\u00e9 par d\u00e9cision 2025C2266 le 24 avril 2026 prive la requ\u00e9rante de son droit constitutionnel de faire censurer le jugement initial RG N\u00b0 11-25-764, cr\u00e9ant ainsi un dommage irr\u00e9parable sur mon droit constitutionnel de propri\u00e9t\u00e9 sur sa r\u00e9sidence principale ;<\/div>\n<div dir=\"ltr\">.<\/div>\n<div dir=\"ltr\"><b>DIRE ET JUGER<\/b>\u00a0que la fraude corrompt tout (<i>Fraus omnia corrumpit<\/i>) et que le BAJ de la Cour de cassation ne pouvait, sans exc\u00e9der ses pouvoirs, qualifier de &#8220;<i>faits<\/i>&#8221; une violation de la loi (Art. 1533 CPC) ensemble d\u00e9cision 2015\/5956 ayant permis la signature d&#8217;un proc\u00e8s-verbal d&#8217;AG mat\u00e9riellement faux ;<\/div>\n<div dir=\"ltr\">.<\/div>\n<div dir=\"ltr\"><b>FAIRE ENREGISTRER<\/b>\u00a0la plainte en date du et d\u00e9pos\u00e9e le 23 f\u00e9vrier 2026 aupr\u00e8s du Procureur de la R\u00e9publique de Cr\u00e9teil (<i><b>Pi\u00e8ce 3<\/b><\/i>) ;<\/div>\n<div dir=\"ltr\">.<\/div>\n<div dir=\"ltr\"><b>D\u00c9CLARER<\/b>\u00a0en cons\u00e9quence le recours contre la d\u00e9cision n\u00b0 2025C2266 du BAJ,\u00a0<b>recevable<\/b>\u00a0par d\u00e9rogation \u00e0 l&#8217;article 23 de la loi du 10 juillet 1991, en application du principe du recours-nullit\u00e9 pour exc\u00e8s de pouvoir ;<\/div>\n<div dir=\"ltr\">.<\/div>\n<div dir=\"ltr\"><b>ANNULER<\/b>\u00a0la d\u00e9cision 2025C2266 du BAJ de la Cour de cassation (<i><b>Pi\u00e8ce 4<\/b><\/i>)<\/div>\n<div dir=\"ltr\">.<\/div>\n<div dir=\"ltr\"><b>ORDONNER<\/b>\u00a0le r\u00e9examen de la demande d&#8217;aide juridictionnelle 2025C2266 afin de permettre l&#8217;exercice effectif du droit au pourvoi.<\/div>\n<div dir=\"ltr\">.<\/div>\n<div dir=\"ltr\"><b>Pi\u00e8ces jointes<\/b>\u00a0:<\/div>\n<div dir=\"ltr\">.<\/div>\n<div dir=\"ltr\">\n<div>\n<div dir=\"ltr\">1 &#8211; La d\u00e9cision n\u00b0 2015\/5956<\/div>\n<div dir=\"ltr\">.<\/div>\n<div dir=\"ltr\">2 et 3 &#8211; Les deux accus\u00e9s de r\u00e9ception du Minist\u00e8re de la justice en date du 25 avril 2026 relatifs au recours contre la d\u00e9cision 2025C2266 du BAJ de la cour de cassatoin\u00a0 (30911622\u00a0), et \u00e0 la plainte d\u00e9pos\u00e9e le 23 avril 2026 aupr\u00e8s du Procureur de la R\u00e9publique de Cr\u00e9teil (annexe enregistr\u00e9e le 25.4.2026 sous le n\u00b0\u00a030911647\u00a0par le Minist\u00e8re de la Justice)<\/div>\n<div dir=\"ltr\">.<\/div>\n<div dir=\"ltr\">4 &#8211; La d\u00e9cision attaqu\u00e9e n\u00b0 2025C2266 notifi\u00e9e le 24 avril 2026 du BAJ de la Cour de cassation<\/div>\n<div dir=\"ltr\">.<\/div>\n<div dir=\"ltr\">5 &#8211; La plainte en date du et d\u00e9pos\u00e9e le 23 avril 2026 aupr\u00e8s du PROCUREUR de la REPUBLIQUE<\/div>\n<div dir=\"ltr\">.<\/div>\n<div dir=\"ltr\">L&#8217;Association AGIR ENSEMBLE POUR NOS DROITS vous prie de bien vouloir croire \u00e0 l&#8217;assurance de sa respectueuse consid\u00e9ration.<\/div>\n<div dir=\"ltr\">.<\/div>\n<div dir=\"ltr\">La Pr\u00e9sidente<\/div>\n<div dir=\"ltr\">de l&#8217;Association AGIR ENSEMBLE POUR NOS DROITS<\/div>\n<\/div>\n<\/div>\n<\/div>\n<\/div>\n<\/div>\n<\/div>\n<\/div>\n<\/div>\n<\/div>\n<div class=\"ydpb3f8ee84yiv7451792962ydp45c6387csignature\">\n<div>agirensemble_pournosdroits3@aol.fr<\/div>\n<\/div>\n<\/div>\n<\/div>\n<\/div>\n<\/div>\n<\/div>\n<div dir=\"ltr\">.<\/div>\n<div dir=\"ltr\"><strong>ACCUSES de RECEPTION <\/strong>:<\/div>\n<div dir=\"ltr\">.<\/div>\n<div dir=\"ltr\">\n<div data-test-id=\"focus-group\" aria-label=\"Groupe de navigation au clavier. Utilisez les touches fl\u00e9ch\u00e9es pour naviguer ou la touche Tab pour acc\u00e9der au groupe suivant.\">\n<header class=\"D_F m_Z12nDQf P_Z1A2bQX I_ZkbNhI ab_CI\" data-test-id=\"message-group-header\">\n<div class=\"D_F ab_C em_N o_h A_6FsP c1AVi73_6LUG c1AVi7H_6MWH P_3Y3Gk\"><span class=\"en_N i_3mCHE c1AVi73_6LUG c1AVi7H_6MWH\" title=\"R\u00e9ponse automatique\u00a0: Erreur de qualification juridique des moyens de cassation par le BAJ de la Cour de cassation - Recours contre la d\u00e9cision n\u00b0 2025C2266 notifi\u00e9e le 24 avril 2026 du BAJ de la Cour de cassation.\" data-test-id=\"message-group-subject\"><span data-test-id=\"message-group-subject-text\">R\u00e9ponse automatique\u00a0: Erreur de qualification juridique des moyens de cassation par le BAJ de la Cour de cassation &#8211; Recours contre la d\u00e9cision n\u00b0 2025C2266 notifi\u00e9e le 24 avril 2026 du BAJ de la Cour de cassation.<\/span><\/span><\/div>\n<div class=\"D_F ab_C Y_eTB en_0\">\n<div class=\"D_F ab_C em_N en_0 o_h Y_dm5 E_fq7 U_dm5 Q_72FG\"><span class=\"D_F t_r A_6EqO c1AVi73_6EWk c1AVi7H_6LEV c1AVi7T_dPo C_Z1TsNbA cZ1RzsTJ_1c6GJq\" title=\"AOL\/Bo\u00eete r\u00e9cept.\" data-test-id=\"message-group-destination\"><span class=\"G_e J_x o_h a_7yHc\">AOL<\/span>\/<span class=\"G_e J_x o_h a_7iGr\">Bo\u00eete r\u00e9cept.<\/span><\/span><\/div>\n<div class=\"H_6Fd5 W_6Fd5 lv_2gnJCA h_Z13pql2 h4_2d9T5e\"><\/div>\n<\/div>\n<\/header>\n<\/div>\n<div data-test-id=\"focus-group\" aria-label=\"Groupe de navigation au clavier. Utilisez les touches fl\u00e9ch\u00e9es pour naviguer ou la touche Tab pour acc\u00e9der au groupe suivant.\">\n<ul class=\"hd_n M_0 X_0\" data-test-id=\"cards\">\n<li class=\"m_Z12nDQf D_F ek_BB ir_0\">\n<div class=\"p_R b_2w4lU5 I_ZkbNhI em_N it_689y X_fq7 N_6LEV iu_FJ is_Z2bg7IA iv_0 iv3_dRA cZdTOHS_28Otf4 j_ZUs0f0 message-view\" tabindex=\"40\" data-test-id=\"message-view\" data-test-expanded=\"true\" data-iskeynav=\"true\">\n<div>\n<header class=\"r_BN D_F W_6D6F p_R P_Zjgzuf ir_0\" aria-label=\"Message\"><span class=\"en_0 i_0 Q_fq7\"><a data-test-id=\"sender-logo\"><img loading=\"lazy\" class=\"e_e5X\" src=\"https:\/\/data.mail.aol.com\/xobni\/v4\/contacts\/5172.e464\/photo?spsize=80X80&amp;fallback_url=https%3A%2F%2Fs.yimg.com%2Fdh%2Fap%2Fsocial%2Fprofile%2Fprofile_a64.png&amp;alphatar_photo=true&amp;appId=AolMailNorrin&amp;badge=false\" alt=\"\" width=\"40\" height=\"40\" \/><\/a><\/span><\/p>\n<div class=\"D_F ac_FT ab_CI en_0\"><\/div>\n<div class=\"o_h D_F em_0 E_fq7 ek_BB\" data-test-id=\"address-info\">\n<div class=\"D_F en_0\"><span class=\"u_b en_0 c1AVi73_6FsP c1AVi7H_6LEV C4_Z29WjXl\" data-test-id=\"message-from\"><span class=\"D_F rtlI_dz_sSg\" data-test-id=\"email-pill\">Contact Mairie<\/span><\/span><\/div>\n<div class=\"D_F eo_HB\">\n<div class=\"d_6FIA i_6FIA c1AVi7H_6LEV c1AVi73_6FsP D_F eo_HB\"><span class=\"u_b E_eo6 C_Z1TsNbA\">Exp\u00e9diteur\u00a0:<\/span><span class=\"D_F rtlI_dz_sSg\" data-test-id=\"email-pill\"><span class=\"C4_Z29WjXl c1McDRG_eo6\" title=\"courrier@ville-pau.fr\" data-test-id=\"message-to\">courrier@ville-pau.fr<\/span><\/span><\/div>\n<\/div>\n<div class=\"d_6FIA i_6FIA c1AVi7H_6LEV c1AVi73_6FsP D_F eo_HB\"><span class=\"u_b E_eo6 C_Z1TsNbA\">\u00c0\u00a0:<\/span><span class=\"D_F rtlI_dz_sSg\" data-test-id=\"email-pill\"><span class=\"C4_Z29WjXl\" title=\"agirensemble_pournosdroits3@aol.fr\" data-test-id=\"message-to\">agirensemble_pournosdroits3@aol.fr<\/span><\/span><\/div>\n<\/div>\n<div class=\"en_0 s_6Fd5 H_6Fd5 M_3gJOe cdPFi_Z281SGl O_cMr O4_cMu\"><\/div>\n<div class=\"D_F en_0 M_3gJOe A_6Eb4 c1AVi73_6EWk C_Z1VRqsb\" data-test-id=\"message-date\">sam. 25 avr. \u00e0 17:16<\/div>\n<div class=\"D_F ab_CI en_0 H_6Fd5 W_6Fd5 lv_1IWXzk h_Z13pql2 h4_2d9T5e\"><\/div>\n<\/header>\n<\/div>\n<div data-test-id=\"message-body-container\">\n<div class=\"I_ZkbNhI D_FY W_6D6F\" data-test-id=\"message-view-body\">\n<div class=\"X_6MGW\"><\/div>\n<div class=\"msg-body P_wpofO mq_AS\" data-test-id=\"message-view-body-content\">\n<div class=\"jb_0 X_6MGW N_6Fd5\">\n<div>\n<div id=\"yiv5535461475\">\n<div>\n<blockquote>\n<div>\n<div>\n<div><i>Madame, Monsieur,<\/i><\/div>\n<div><i>\u00a0<\/i><\/div>\n<div><i>Votre demande est prise en compte et sera trait\u00e9e dans les meilleurs d\u00e9lais par nos services (hors weekends et jours f\u00e9ri\u00e9s).<\/i><\/div>\n<\/div>\n<div>\n<div><i>\u00a0<\/i><\/div>\n<div><i>Cordialement,<\/i><\/div>\n<div><i>\u00a0<\/i><\/div>\n<div><i>\u00a0<\/i><\/div>\n<div><i>Ville de Pau<\/i><\/div>\n<div><i>H\u00f4tel de ville &#8211; Place Royale &#8211; BP 1508 &#8211; 64036 Pau Cedex<\/i><\/div>\n<div><i>T\u00e9l\u00e9phone : 05 59 27 85 80<\/i><\/div>\n<\/div>\n<\/div>\n<\/blockquote>\n<\/div>\n<\/div>\n<\/div>\n<\/div>\n<\/div>\n<\/div>\n<\/div>\n<\/div>\n<\/li>\n<\/ul>\n<\/div>\n<\/div>\n<div dir=\"ltr\">.<\/div>\n<div dir=\"ltr\">.<\/div>\n<div dir=\"ltr\">.<\/div>\n<div dir=\"ltr\">\n<div data-test-id=\"focus-group\" aria-label=\"Groupe de navigation au clavier. Utilisez les touches fl\u00e9ch\u00e9es pour naviguer ou la touche Tab pour acc\u00e9der au groupe suivant.\">\n<header class=\"D_F m_Z12nDQf P_Z1A2bQX I_ZkbNhI ab_CI\" data-test-id=\"message-group-header\">\n<div class=\"D_F ab_C em_N o_h A_6FsP c1AVi73_6LUG c1AVi7H_6MWH P_3Y3Gk\"><span class=\"en_N i_3mCHE c1AVi73_6LUG c1AVi7H_6MWH\" title=\"Auto: [INTERNET] Erreur de qualification juridique des moyens de cassation par le BAJ de la Cour de cassation - Recours contre la d\u00e9cision n\u00b0 2025C2266 notifi\u00e9e le 24 avril 2026 du BAJ de la Cour de cassation.\" data-test-id=\"message-group-subject\"><span data-test-id=\"message-group-subject-text\">Auto: [INTERNET] Erreur de qualification juridique des moyens de cassation par le BAJ de la Cour de cassation &#8211; Recours contre la d\u00e9cision n\u00b0 2025C2266 notifi\u00e9e le 24 avril 2026 du BAJ de la Cour de cassation.<\/span><\/span><\/div>\n<div class=\"D_F ab_C Y_eTB en_0\">\n<div class=\"D_F ab_C em_N en_0 o_h Y_dm5 E_fq7 U_dm5 Q_72FG\"><span class=\"D_F t_r A_6EqO c1AVi73_6EWk c1AVi7H_6LEV c1AVi7T_dPo C_Z1TsNbA cZ1RzsTJ_1c6GJq\" title=\"AOL\/Bo\u00eete r\u00e9cept.\" data-test-id=\"message-group-destination\"><span class=\"G_e J_x o_h a_7yHc\">AOL<\/span>\/<span class=\"G_e J_x o_h a_7iGr\">Bo\u00eete r\u00e9cept.<\/span><\/span><\/div>\n<div class=\"H_6Fd5 W_6Fd5 lv_2gnJCA h_Z13pql2 h4_2d9T5e\"><\/div>\n<\/div>\n<\/header>\n<\/div>\n<div data-test-id=\"focus-group\" aria-label=\"Groupe de navigation au clavier. Utilisez les touches fl\u00e9ch\u00e9es pour naviguer ou la touche Tab pour acc\u00e9der au groupe suivant.\">\n<ul class=\"hd_n M_0 X_0\" data-test-id=\"cards\">\n<li class=\"m_Z12nDQf D_F ek_BB ir_0\">\n<div class=\"p_R b_2w4lU5 I_ZkbNhI em_N it_689y X_fq7 N_6LEV iu_FJ is_Z2bg7IA iv_0 iv3_dRA cZdTOHS_28Otf4 j_ZUs0f0 message-view\" tabindex=\"40\" data-test-id=\"message-view\" data-test-expanded=\"true\" data-iskeynav=\"true\">\n<div>\n<header class=\"r_BN D_F W_6D6F p_R P_Zjgzuf ir_0\" aria-label=\"Message\"><span class=\"en_0 i_0 Q_fq7\"><a data-test-id=\"sender-logo\"><img loading=\"lazy\" class=\"e_e5X\" src=\"https:\/\/data.mail.aol.com\/xobni\/v4\/contacts\/66dd.021c\/photo?spsize=80X80&amp;fallback_url=https%3A%2F%2Fs.yimg.com%2Fdh%2Fap%2Fsocial%2Fprofile%2Fprofile_a64.png&amp;alphatar_photo=true&amp;appId=AolMailNorrin&amp;badge=false\" alt=\"\" width=\"40\" height=\"40\" \/><\/a><\/span><\/p>\n<div class=\"D_F ac_FT ab_CI en_0\"><\/div>\n<div class=\"o_h D_F em_0 E_fq7 ek_BB\" data-test-id=\"address-info\">\n<div class=\"D_F en_0\"><span class=\"u_b en_0 c1AVi73_6FsP c1AVi7H_6LEV C4_Z29WjXl\" data-test-id=\"message-from\"><span class=\"D_F rtlI_dz_sSg\" data-test-id=\"email-pill\">charlotte.joly@interieur.gouv.fr<\/span><\/span><\/div>\n<div class=\"D_F eo_HB\">\n<div class=\"d_6FIA i_6FIA c1AVi7H_6LEV c1AVi73_6FsP D_F eo_HB\"><span class=\"u_b E_eo6 C_Z1TsNbA\">Exp\u00e9diteur\u00a0:<\/span><span class=\"D_F rtlI_dz_sSg\" data-test-id=\"email-pill\"><span class=\"C4_Z29WjXl c1McDRG_eo6\" title=\"charlotte.joly@interieur.gouv.fr\" data-test-id=\"message-to\">charlotte.joly@interieur.gouv.fr<\/span><\/span><\/div>\n<\/div>\n<div class=\"d_6FIA i_6FIA c1AVi7H_6LEV c1AVi73_6FsP D_F eo_HB\"><span class=\"u_b E_eo6 C_Z1TsNbA\">\u00c0\u00a0:<\/span><span class=\"D_F rtlI_dz_sSg\" data-test-id=\"email-pill\"><span class=\"C4_Z29WjXl\" title=\"agirensemble_pournosdroits3@aol.fr\" data-test-id=\"message-to\">agirensemble_pournosdroits3@aol.fr<\/span><\/span><\/div>\n<\/div>\n<div class=\"en_0 s_6Fd5 H_6Fd5 M_3gJOe cdPFi_Z281SGl O_cMr O4_cMu\"><\/div>\n<div class=\"D_F en_0 M_3gJOe A_6Eb4 c1AVi73_6EWk C_Z1VRqsb\" data-test-id=\"message-date\">sam. 25 avr. \u00e0 17:16<\/div>\n<div class=\"D_F ab_CI en_0 H_6Fd5 W_6Fd5 lv_1IWXzk h_Z13pql2 h4_2d9T5e\"><\/div>\n<\/header>\n<\/div>\n<div data-test-id=\"message-body-container\">\n<div class=\"I_ZkbNhI D_FY W_6D6F\" data-test-id=\"message-view-body\">\n<div class=\"X_6MGW\"><\/div>\n<div class=\"msg-body P_wpofO mq_AS\" data-test-id=\"message-view-body-content\">\n<div class=\"jb_0 X_6MGW N_6Fd5\">\n<div>\n<div dir=\"ltr\">Bonjour,<\/div>\n<div dir=\"ltr\"><\/div>\n<div dir=\"ltr\">Je suis actuellement absente et serai de retour au service le 04\/05\/26.<\/div>\n<div dir=\"ltr\">Je prendrai connaissance de votre message \u00e0 mon retour.<\/div>\n<div dir=\"ltr\"><\/div>\n<div dir=\"ltr\">En cas de besoin, vous pouvez contacter le Major Laurent MARTIN (laurent.martin@interieur.gouv.fr &#8211; 01 60 56 68 09) ou adresser votre demande sur la bo\u00eete fonctionnelle de l&#8217;unit\u00e9 :\u00a0<a href=\"mailto:dipn77-em-deontologie@interieur.gouv.fr\">dipn77-em-deontologie@interieur.gouv.fr<\/a>\u00a0.<\/div>\n<div dir=\"ltr\"><\/div>\n<div dir=\"ltr\">Cordialement,<\/div>\n<div dir=\"ltr\"><\/div>\n<div dir=\"ltr\">Cdt JOLY<\/div>\n<div dir=\"ltr\">Cheffe BDE<\/div>\n<div dir=\"ltr\">EMD\/DIPN77<\/div>\n<\/div>\n<\/div>\n<\/div>\n<\/div>\n<\/div>\n<\/div>\n<\/li>\n<\/ul>\n<\/div>\n<\/div>\n<div dir=\"ltr\">.<\/div>\n<div dir=\"ltr\">.<\/div>\n<div dir=\"ltr\">.<\/div>\n<div dir=\"ltr\">\n<div data-test-id=\"focus-group\" aria-label=\"Groupe de navigation au clavier. Utilisez les touches fl\u00e9ch\u00e9es pour naviguer ou la touche Tab pour acc\u00e9der au groupe suivant.\">\n<header class=\"D_F m_Z12nDQf P_Z1A2bQX I_ZkbNhI ab_CI\" data-test-id=\"message-group-header\">\n<div class=\"D_F ab_C em_N o_h A_6FsP c1AVi73_6LUG c1AVi7H_6MWH P_3Y3Gk\"><span class=\"en_N i_3mCHE c1AVi73_6LUG c1AVi7H_6MWH\" title=\"Auto: Erreur de qualification juridique des moyens de cassation par le BAJ de la Cour de cassation - Recours contre la d\u00e9cision n\u00b0 2025C2266 notifi\u00e9e le 24 avril 2026 du BAJ de la Cour de cassation.\" data-test-id=\"message-group-subject\"><span data-test-id=\"message-group-subject-text\">Auto: Erreur de qualification juridique des moyens de cassation par le BAJ de la Cour de cassation &#8211; Recours contre la d\u00e9cision n\u00b0 2025C2266 notifi\u00e9e le 24 avril 2026 du BAJ de la Cour de cassation.<\/span><\/span><\/div>\n<div class=\"D_F ab_C Y_eTB en_0\">\n<div class=\"D_F ab_C em_N en_0 o_h Y_dm5 E_fq7 U_dm5 Q_72FG\"><span class=\"D_F t_r A_6EqO c1AVi73_6EWk c1AVi7H_6LEV c1AVi7T_dPo C_Z1TsNbA cZ1RzsTJ_1c6GJq\" title=\"AOL\/Bo\u00eete r\u00e9cept.\" data-test-id=\"message-group-destination\"><span class=\"G_e J_x o_h a_7yHc\">AOL<\/span>\/<span class=\"G_e J_x o_h a_7iGr\">Bo\u00eete r\u00e9cept.<\/span><\/span><\/div>\n<div class=\"H_6Fd5 W_6Fd5 lv_2gnJCA h_Z13pql2 h4_2d9T5e\"><\/div>\n<\/div>\n<\/header>\n<\/div>\n<div data-test-id=\"focus-group\" aria-label=\"Groupe de navigation au clavier. Utilisez les touches fl\u00e9ch\u00e9es pour naviguer ou la touche Tab pour acc\u00e9der au groupe suivant.\">\n<ul class=\"hd_n M_0 X_0\" data-test-id=\"cards\">\n<li class=\"m_Z12nDQf D_F ek_BB ir_0\">\n<div class=\"p_R b_2w4lU5 I_ZkbNhI em_N it_689y X_fq7 N_6LEV iu_FJ is_Z2bg7IA iv_0 iv3_dRA cZdTOHS_28Otf4 j_ZUs0f0 message-view\" tabindex=\"40\" data-test-id=\"message-view\" data-test-expanded=\"true\" data-iskeynav=\"true\">\n<div>\n<header class=\"r_BN D_F W_6D6F p_R P_Zjgzuf ir_0\" aria-label=\"Message\"><span class=\"en_0 i_0 Q_fq7\"><a data-test-id=\"sender-logo\"><img loading=\"lazy\" class=\"e_e5X\" src=\"https:\/\/data.mail.aol.com\/xobni\/v4\/contacts\/0000.0036\/photo?spsize=80X80&amp;fallback_url=https%3A%2F%2Fs.yimg.com%2Fdh%2Fap%2Fsocial%2Fprofile%2Fprofile_a64.png&amp;alphatar_photo=true&amp;appId=AolMailNorrin&amp;badge=false\" alt=\"\" width=\"40\" height=\"40\" \/><\/a><\/span><\/p>\n<div class=\"D_F ac_FT ab_CI en_0\"><\/div>\n<div class=\"o_h D_F em_0 E_fq7 ek_BB\" data-test-id=\"address-info\">\n<div class=\"D_F en_0\"><span class=\"u_b en_0 c1AVi73_6FsP c1AVi7H_6LEV C4_Z29WjXl\" data-test-id=\"message-from\"><span class=\"D_F rtlI_dz_sSg\" data-test-id=\"email-pill\">sip.vitry-sur-seine@dgfip.finances.gouv.fr<\/span><\/span><\/div>\n<div class=\"D_F eo_HB\">\n<div class=\"d_6FIA i_6FIA c1AVi7H_6LEV c1AVi73_6FsP D_F eo_HB\"><span class=\"u_b E_eo6 C_Z1TsNbA\">Exp\u00e9diteur\u00a0:<\/span><span class=\"D_F rtlI_dz_sSg\" data-test-id=\"email-pill\"><span class=\"C4_Z29WjXl c1McDRG_eo6\" title=\"sip.vitry-sur-seine@dgfip.finances.gouv.fr\" data-test-id=\"message-to\">sip.vitry-sur-seine@dgfip.finances.gouv.fr<\/span><\/span><\/div>\n<\/div>\n<div class=\"d_6FIA i_6FIA c1AVi7H_6LEV c1AVi73_6FsP D_F eo_HB\"><span class=\"u_b E_eo6 C_Z1TsNbA\">\u00c0\u00a0:<\/span><span class=\"D_F rtlI_dz_sSg\" data-test-id=\"email-pill\"><span class=\"C4_Z29WjXl\" title=\"agirensemble_pournosdroits3@aol.fr\" data-test-id=\"message-to\">agirensemble_pournosdroits3@aol.fr<\/span><\/span><\/div>\n<\/div>\n<div class=\"en_0 s_6Fd5 H_6Fd5 M_3gJOe cdPFi_Z281SGl O_cMr O4_cMu\"><\/div>\n<div class=\"D_F en_0 M_3gJOe A_6Eb4 c1AVi73_6EWk C_Z1VRqsb\" data-test-id=\"message-date\">sam. 25 avr. \u00e0 17:16<\/div>\n<div class=\"D_F ab_CI en_0 H_6Fd5 W_6Fd5 lv_1IWXzk h_Z13pql2 h4_2d9T5e\"><\/div>\n<\/header>\n<\/div>\n<div data-test-id=\"message-body-container\">\n<div class=\"I_ZkbNhI D_FY W_6D6F\" data-test-id=\"message-view-body\">\n<div class=\"X_6MGW\"><\/div>\n<div class=\"msg-body P_wpofO mq_AS\" data-test-id=\"message-view-body-content\">\n<div class=\"jb_0 X_6MGW N_6Fd5\">\n<div>\n<div dir=\"ltr\">Nous vous informons que votre demande a bien \u00e9t\u00e9 prise en compte.<\/div>\n<div dir=\"ltr\">Afin d&#8217;obtenir un traitement plus rapide de votre demande, nous vous invitons \u00e0 l&#8217;avenir \u00e0 nous contacter \u00e0 partir de votre messagerie s\u00e9curis\u00e9e, disponible dans votre espace particulier sur impots.gouv.fr.<\/div>\n<div dir=\"ltr\">Si vous n&#8217;avez pas encore cr\u00e9\u00e9 votre espace particulier, des pas-\u00e0-pas sont mis \u00e0 votre disposition sur le site impots.gouv.fr pour vous guider dans cette proc\u00e9dure et dans l&#8217;utilisation de la messagerie s\u00e9curis\u00e9e : https:\/\/www.impots.gouv.fr\/portail\/pas-pas-des-services-en-ligne-des-particuliers.<\/div>\n<div dir=\"ltr\">Par ailleurs, pensez \u00e0 consulter le site www.impots.gouv.fr, vous y trouverez les r\u00e9ponses aux questions les plus fr\u00e9quentes, r\u00e9guli\u00e8rement actualis\u00e9es.<\/div>\n<div dir=\"ltr\">Cet accus\u00e9 r\u00e9ception est g\u00e9n\u00e9r\u00e9 automatiquement, merci de ne pas y r\u00e9pondre<\/div>\n<div dir=\"ltr\"><\/div>\n<\/div>\n<\/div>\n<\/div>\n<\/div>\n<\/div>\n<\/div>\n<\/li>\n<\/ul>\n<\/div>\n<\/div>\n<div dir=\"ltr\">.<\/div>\n<div dir=\"ltr\">.<\/div>\n<div dir=\"ltr\">.<\/div>\n<div dir=\"ltr\">\n<div data-test-id=\"focus-group\" aria-label=\"Groupe de navigation au clavier. Utilisez les touches fl\u00e9ch\u00e9es pour naviguer ou la touche Tab pour acc\u00e9der au groupe suivant.\">\n<header class=\"D_F m_Z12nDQf P_Z1A2bQX I_ZkbNhI ab_CI\" data-test-id=\"message-group-header\">\n<div class=\"D_F ab_C em_N o_h A_6FsP c1AVi73_6LUG c1AVi7H_6MWH P_3Y3Gk\"><span class=\"en_N i_3mCHE c1AVi73_6LUG c1AVi7H_6MWH\" title=\"Auto: Erreur de qualification juridique des moyens de cassation par le BAJ de la Cour de cassation - Recours contre la d\u00e9cision n\u00b0 2025C2266 notifi\u00e9e le 24 avril 2026 du BAJ de la Cour de cassation.\" data-test-id=\"message-group-subject\"><span data-test-id=\"message-group-subject-text\">Auto: Erreur de qualification juridique des moyens de cassation par le BAJ de la Cour de cassation &#8211; Recours contre la d\u00e9cision n\u00b0 2025C2266 notifi\u00e9e le 24 avril 2026 du BAJ de la Cour de cassation.<\/span><\/span><\/div>\n<div class=\"D_F ab_C Y_eTB en_0\">\n<div class=\"D_F ab_C em_N en_0 o_h Y_dm5 E_fq7 U_dm5 Q_72FG\"><span class=\"D_F t_r A_6EqO c1AVi73_6EWk c1AVi7H_6LEV c1AVi7T_dPo C_Z1TsNbA cZ1RzsTJ_1c6GJq\" title=\"AOL\/Bo\u00eete r\u00e9cept.\" data-test-id=\"message-group-destination\"><span class=\"G_e J_x o_h a_7yHc\">AOL<\/span>\/<span class=\"G_e J_x o_h a_7iGr\">Bo\u00eete r\u00e9cept.<\/span><\/span><\/div>\n<div class=\"H_6Fd5 W_6Fd5 lv_2gnJCA h_Z13pql2 h4_2d9T5e\"><\/div>\n<\/div>\n<\/header>\n<\/div>\n<div data-test-id=\"focus-group\" aria-label=\"Groupe de navigation au clavier. Utilisez les touches fl\u00e9ch\u00e9es pour naviguer ou la touche Tab pour acc\u00e9der au groupe suivant.\">\n<ul class=\"hd_n M_0 X_0\" data-test-id=\"cards\">\n<li class=\"m_Z12nDQf D_F ek_BB ir_0\">\n<div class=\"p_R b_2w4lU5 I_ZkbNhI em_N it_689y X_fq7 N_6LEV iu_FJ is_Z2bg7IA iv_0 iv3_dRA cZdTOHS_28Otf4 j_ZUs0f0 message-view\" tabindex=\"40\" data-test-id=\"message-view\" data-test-expanded=\"true\" data-iskeynav=\"true\">\n<div>\n<header class=\"r_BN D_F W_6D6F p_R P_Zjgzuf ir_0\" aria-label=\"Message\"><span class=\"en_0 i_0 Q_fq7\"><a data-test-id=\"sender-logo\"><img loading=\"lazy\" class=\"e_e5X\" src=\"https:\/\/data.mail.aol.com\/xobni\/v4\/contacts\/85c8.78d2\/photo?spsize=80X80&amp;fallback_url=https%3A%2F%2Fs.yimg.com%2Fdh%2Fap%2Fsocial%2Fprofile%2Fprofile_a64.png&amp;alphatar_photo=true&amp;appId=AolMailNorrin&amp;badge=false\" alt=\"\" width=\"40\" height=\"40\" \/><\/a><\/span><\/p>\n<div class=\"D_F ac_FT ab_CI en_0\"><\/div>\n<div class=\"o_h D_F em_0 E_fq7 ek_BB\" data-test-id=\"address-info\">\n<div class=\"D_F en_0\"><span class=\"u_b en_0 c1AVi73_6FsP c1AVi7H_6LEV C4_Z29WjXl\" data-test-id=\"message-from\"><span class=\"D_F rtlI_dz_sSg\" data-test-id=\"email-pill\">sip.melun@dgfip.finances.gouv.fr<\/span><\/span><\/div>\n<div class=\"D_F eo_HB\">\n<div class=\"d_6FIA i_6FIA c1AVi7H_6LEV c1AVi73_6FsP D_F eo_HB\"><span class=\"u_b E_eo6 C_Z1TsNbA\">Exp\u00e9diteur\u00a0:<\/span><span class=\"D_F rtlI_dz_sSg\" data-test-id=\"email-pill\"><span class=\"C4_Z29WjXl c1McDRG_eo6\" title=\"sip.melun@dgfip.finances.gouv.fr\" data-test-id=\"message-to\">sip.melun@dgfip.finances.gouv.fr<\/span><\/span><\/div>\n<\/div>\n<div class=\"d_6FIA i_6FIA c1AVi7H_6LEV c1AVi73_6FsP D_F eo_HB\"><span class=\"u_b E_eo6 C_Z1TsNbA\">\u00c0\u00a0:<\/span><span class=\"D_F rtlI_dz_sSg\" data-test-id=\"email-pill\"><span class=\"C4_Z29WjXl\" title=\"agirensemble_pournosdroits3@aol.fr\" data-test-id=\"message-to\">agirensemble_pournosdroits3@aol.fr<\/span><\/span><\/div>\n<\/div>\n<div class=\"en_0 s_6Fd5 H_6Fd5 M_3gJOe cdPFi_Z281SGl O_cMr O4_cMu\"><\/div>\n<div class=\"D_F en_0 M_3gJOe A_6Eb4 c1AVi73_6EWk C_Z1VRqsb\" data-test-id=\"message-date\">sam. 25 avr. \u00e0 17:16<\/div>\n<div class=\"D_F ab_CI en_0 H_6Fd5 W_6Fd5 lv_1IWXzk h_Z13pql2 h4_2d9T5e\"><\/div>\n<\/header>\n<\/div>\n<div data-test-id=\"message-body-container\">\n<div class=\"I_ZkbNhI D_FY W_6D6F\" data-test-id=\"message-view-body\">\n<div class=\"X_6MGW\"><\/div>\n<div class=\"msg-body P_wpofO mq_AS\" data-test-id=\"message-view-body-content\">\n<div class=\"jb_0 X_6MGW N_6Fd5\">\n<div>\n<div dir=\"ltr\">Nous vous informons que votre demande a bien \u00e9t\u00e9 prise en compte.<\/div>\n<div dir=\"ltr\">Afin d&#8217;obtenir un traitement plus rapide de votre demande, nous vous invitons \u00e0 l&#8217;avenir \u00e0 nous contacter \u00e0 partir de votre messagerie s\u00e9curis\u00e9e, disponible dans votre espace particulier sur impots.gouv.fr.<\/div>\n<div dir=\"ltr\">Si vous n&#8217;avez pas encore cr\u00e9\u00e9 votre espace particulier, des pas-\u00e0-pas sont mis \u00e0 votre disposition sur le site impots.gouv.fr pour vous guider dans cette proc\u00e9dure et dans l&#8217;utilisation de la messagerie s\u00e9curis\u00e9e : https:\/\/www.impots.gouv.fr\/portail\/pas-pas-des-services-en-ligne-des-particuliers.<\/div>\n<div dir=\"ltr\">Par ailleurs, pensez \u00e0 consulter le site www.impots.gouv.fr, vous y trouverez les r\u00e9ponses aux questions les plus fr\u00e9quentes, r\u00e9guli\u00e8rement actualis\u00e9es.<\/div>\n<div dir=\"ltr\">Cet accus\u00e9 r\u00e9ception est g\u00e9n\u00e9r\u00e9 automatiquement, merci de ne pas y r\u00e9pondre<\/div>\n<\/div>\n<\/div>\n<\/div>\n<\/div>\n<\/div>\n<\/div>\n<\/li>\n<\/ul>\n<\/div>\n<\/div>\n<div dir=\"ltr\">.<\/div>\n","protected":false},"excerpt":{"rendered":"<p>&#8212;&#8211; Message transmis &#8212;&#8211; De :\u00a0agirensemble_pournosdroits3@aol.fr &lt;agirensemble_pournosdroits3@aol.fr&gt; \u00c0 :\u00a0sec.pp.courdecassation@justice.fr &lt;sec.pp.courdecassation@justice.fr&gt;; d.leprado@cabinet-leprado.fr &lt;d.leprado@cabinet-leprado.fr&gt;; courriel@hdfp.fr &lt;courriel@hdfp.fr&gt;; philippe.froger@bfpavocats.fr &lt;philippe.froger@bfpavocats.fr&gt;; bocquillon.avocat@gmail.com &lt;bocquillon.avocat@gmail.com&gt;; astruc_patricia@wanadoo.fr &lt;astruc_patricia@wanadoo.fr&gt;; Ang\u00e9lique CHEN &lt;angelique.chen@notaires.fr&gt;; plot.avoc@wanadoo.fr &lt;plot.avoc@wanadoo.fr&gt;; kiohe888@aol.fr &lt;kiohe888@aol.fr&gt;; agence.paris-commerce@ceidf.caisse-epargne.fr &lt;agence.paris-commerce@ceidf.caisse-epargne.fr&gt;; VERDEIL Bernadette &lt;bernadette.verdeil@justice.fr&gt;; florence.berthout@paris.fr &lt;florence.berthout@paris.fr&gt;; bse@senechalavocat.fr &lt;bse@senechalavocat.fr&gt;; bgrunberg@mairie-dammarie-les-lys.fr &lt;bgrunberg@mairie-dammarie-les-lys.fr&gt;; Contact Mairie &hellip; <a href=\"http:\/\/fenabod.cluster026.hosting.ovh.net\/index.php\/2026\/04\/25\/erreur-de-qualification-juridique-des-moyens-de-cassation-par-le-baj-de-la-cour-de-cassation-recours-contre-la-decision-n-2025c2266-notifiee-le-24-avril-2026-du-baj-de-la-cour-de-cassation\/\">Continue reading <span class=\"meta-nav\">&rarr;<\/span><\/a><\/p>\n","protected":false},"author":1,"featured_media":0,"comment_status":"open","ping_status":"open","sticky":false,"template":"","format":"standard","meta":[],"categories":[1],"tags":[],"_links":{"self":[{"href":"http:\/\/fenabod.cluster026.hosting.ovh.net\/index.php\/wp-json\/wp\/v2\/posts\/4164"}],"collection":[{"href":"http:\/\/fenabod.cluster026.hosting.ovh.net\/index.php\/wp-json\/wp\/v2\/posts"}],"about":[{"href":"http:\/\/fenabod.cluster026.hosting.ovh.net\/index.php\/wp-json\/wp\/v2\/types\/post"}],"author":[{"embeddable":true,"href":"http:\/\/fenabod.cluster026.hosting.ovh.net\/index.php\/wp-json\/wp\/v2\/users\/1"}],"replies":[{"embeddable":true,"href":"http:\/\/fenabod.cluster026.hosting.ovh.net\/index.php\/wp-json\/wp\/v2\/comments?post=4164"}],"version-history":[{"count":1,"href":"http:\/\/fenabod.cluster026.hosting.ovh.net\/index.php\/wp-json\/wp\/v2\/posts\/4164\/revisions"}],"predecessor-version":[{"id":4165,"href":"http:\/\/fenabod.cluster026.hosting.ovh.net\/index.php\/wp-json\/wp\/v2\/posts\/4164\/revisions\/4165"}],"wp:attachment":[{"href":"http:\/\/fenabod.cluster026.hosting.ovh.net\/index.php\/wp-json\/wp\/v2\/media?parent=4164"}],"wp:term":[{"taxonomy":"category","embeddable":true,"href":"http:\/\/fenabod.cluster026.hosting.ovh.net\/index.php\/wp-json\/wp\/v2\/categories?post=4164"},{"taxonomy":"post_tag","embeddable":true,"href":"http:\/\/fenabod.cluster026.hosting.ovh.net\/index.php\/wp-json\/wp\/v2\/tags?post=4164"}],"curies":[{"name":"wp","href":"https:\/\/api.w.org\/{rel}","templated":true}]}}