{"id":4166,"date":"2026-04-26T20:52:20","date_gmt":"2026-04-26T18:52:20","guid":{"rendered":"http:\/\/fenabod.cluster026.hosting.ovh.net\/?p=4166"},"modified":"2026-04-26T20:52:20","modified_gmt":"2026-04-26T18:52:20","slug":"erreur-de-qualification-juridique-des-moyens-de-cassation-par-le-baj-de-la-cour-de-cassation-recours-contre-la-decision-n-2025c2267-notifiee-le-24-avril-2026-du-baj-de-la-cour-de-cassation","status":"publish","type":"post","link":"http:\/\/fenabod.cluster026.hosting.ovh.net\/index.php\/2026\/04\/26\/erreur-de-qualification-juridique-des-moyens-de-cassation-par-le-baj-de-la-cour-de-cassation-recours-contre-la-decision-n-2025c2267-notifiee-le-24-avril-2026-du-baj-de-la-cour-de-cassation\/","title":{"rendered":"Erreur de qualification juridique des moyens de cassation par le BAJ de la Cour de cassation &#8212; Recours contre la d\u00e9cision n\u00b0 2025C2267 notifi\u00e9e le 24 avril 2026 du BAJ de la Cour de cassation &#8212; Entrave au droit d&#8217;acc\u00e8s \u00e0 un Tribunal."},"content":{"rendered":"<div dir=\"ltr\">&#8212;&#8211; Message transmis &#8212;&#8211;<\/div>\n<div dir=\"ltr\">\n<div><b>De :<\/b>\u00a0agirensemble_pournosdroits3@aol.fr &lt;agirensemble_pournosdroits3@aol.fr&gt;<\/div>\n<div><b>\u00c0 :<\/b>\u00a0sec.pp.courdecassation@justice.fr &lt;sec.pp.courdecassation@justice.fr&gt;; d.leprado@cabinet-leprado.fr &lt;d.leprado@cabinet-leprado.fr&gt;; courriel@hdfp.fr &lt;courriel@hdfp.fr&gt;; bocquillon.avocat@gmail.com &lt;bocquillon.avocat@gmail.com&gt;; astruc_patricia@wanadoo.fr &lt;astruc_patricia@wanadoo.fr&gt;; Ang\u00e9lique CHEN &lt;angelique.chen@notaires.fr&gt;; kiohe888@aol.fr &lt;kiohe888@aol.fr&gt;; agence.paris-commerce@ceidf.caisse-epargne.fr &lt;agence.paris-commerce@ceidf.caisse-epargne.fr&gt;; VERDEIL Bernadette &lt;bernadette.verdeil@justice.fr&gt;; philippe.froger@bfpavocats.fr &lt;philippe.froger@bfpavocats.fr&gt;; bgrunberg@mairie-dammarie-les-lys.fr &lt;bgrunberg@mairie-dammarie-les-lys.fr&gt;; bse@senechalavocat.fr &lt;bse@senechalavocat.fr&gt;; florence.berthout@paris.fr &lt;florence.berthout@paris.fr&gt;; Contact Mairie &lt;courrier@ville-pau.fr&gt;; chambre.seineetmarne@notaires.fr &lt;chambre.seineetmarne@notaires.fr&gt;; charlotte.joly@interieur.gouv.fr &lt;charlotte.joly@interieur.gouv.fr&gt;; contact.ministre@interieur.gouv.fr &lt;contact.ministre@interieur.gouv.fr&gt;; contact@dupondmoretti.com &lt;contact@dupondmoretti.com&gt;; csm@justice.fr &lt;csm@justice.fr&gt;; greffe@conseil-constitutionnel.fr &lt;greffe@conseil-constitutionnel.fr&gt;; greffe@conseil-etat.fr &lt;greffe@conseil-etat.fr&gt;; sec.pp.ca-paris@justice.fr &lt;sec.pp.ca-paris@justice.fr&gt;; cabinetavocatsren@yahoo.fr &lt;cabinetavocatsren@yahoo.fr&gt;; commissariat-choisy-plainte@interieur.gouv.fr &lt;commissariat-choisy-plainte@interieur.gouv.fr&gt;; premier-ministre@cab.pm.gouv.fr &lt;premier-ministre@cab.pm.gouv.fr&gt;; chambre6-1.ca-paris@justice.fr &lt;chambre6-1.ca-paris@justice.fr&gt;; TJ-PARIS\/DOYEN\/SEC &lt;doyen.sec.tj-paris@justice.fr&gt;; delphine.exare@notaires.fr &lt;delphine.exare@notaires.fr&gt;; fanny.demassieux@diplomatie.gouv.fr &lt;fanny.demassieux@diplomatie.gouv.fr&gt;; ren@dsavocats.com &lt;ren@dsavocats.com&gt;; yang@dsavocats.com &lt;yang@dsavocats.com&gt;; Support &lt;domaines-clients-nordest@nexity.fr&gt;; enmarchelesdroits@yahoo.com &lt;enmarchelesdroits@yahoo.com&gt;; Emilie Poignon &lt;e.poignon@lexwell-legal.com&gt;; etude.larocheetassocies@notaires.fr &lt;etude.larocheetassocies@notaires.fr&gt;; etude77018.ozoir@notaires.fr &lt;etude77018.ozoir@notaires.fr&gt;; MOUSSOUNI Ferielle &lt;fmoussouni@nexity.fr&gt;; LE GOSLES Karelle &lt;karelle.legosles@mairie-vitry94.fr&gt;; greffecentral.ta-melun@juradm.fr &lt;greffecentral.ta-melun@juradm.fr&gt;; relais.gare@mairie-vitry94.fr &lt;relais.gare@mairie-vitry94.fr&gt;; celinenuma@gmail.com &lt;celinenuma@gmail.com&gt;; lds.avocat@gmail.com &lt;lds.avocat@gmail.com&gt;; julienbeslay@gmail.com &lt;julienbeslay@gmail.com&gt;; marinesery@hotmail.com &lt;marinesery@hotmail.com&gt;; IGPN Permanence &lt;igpn-permanence@interieur.gouv.fr&gt;; IGPN UCE Igpn-signalement &lt;igpn-signalement@interieur.gouv.fr&gt;; Mairie Dammarie Les Lys Info &lt;info@mairie-dammarie-les-lys.fr&gt;; jvpaturel@wanadoo.fr &lt;jvpaturel@wanadoo.fr&gt;; TJ-PARIS\/PRESIDENCE\/SEC &lt;sec.presidence.tj-paris@justice.fr&gt;; MAUNIER Michel &lt;michel.maunier@justice.fr&gt;; TJ-PARIS\/PR\/SEC &lt;sec.pr.tj-paris@justice.fr&gt;; tprx-charenton-le-pont@justice.fr &lt;tprx-charenton-le-pont@justice.fr&gt;; TPRX-VILLEJUIF\/CIVIL &lt;civil.tprx-villejuif@justice.fr&gt;; sec.pr.tj-evry@justice.fr &lt;sec.pr.tj-evry@justice.fr&gt;; lboumesbah@ville-melun.fr &lt;lboumesbah@ville-melun.fr&gt;; berengere.lagrange@lagrange-avocat.com &lt;berengere.lagrange@lagrange-avocat.com&gt;; sip.melun@dgfip.finances.gouv.fr &lt;sip.melun@dgfip.finances.gouv.fr&gt;; sip.vitry-sur-seine@dgfip.finances.gouv.fr &lt;sip.vitry-sur-seine@dgfip.finances.gouv.fr&gt;; baj.courdecassation@justice.fr &lt;baj.courdecassation@justice.fr&gt;; cabinet.du.maire@mairie-vitry94.fr &lt;cabinet.du.maire@mairie-vitry94.fr&gt;; MELBER Nicolas [CEIDF] &lt;nicolas.melber@ceidf.caisse-epargne.fr&gt;; nmichaud@nexity.fr &lt;nmichaud@nexity.fr&gt;; pauline.seguin.77003@notaires.fr &lt;pauline.seguin.77003@notaires.fr&gt;; vbedague@nexity.fr &lt;vbedague@nexity.fr&gt;; PIRES Sophie &lt;spires@nexity.fr&gt;; ali.naoui@justice.fr &lt;ali.naoui@justice.fr&gt;; scp-ohl-vexliard@orange.fr &lt;scp-ohl-vexliard@orange.fr&gt;; scp-vincent-ohl@wanadoo.fr &lt;scp-vincent-ohl@wanadoo.fr&gt;; scp.sylvain.reyjal@paris.notaires.fr &lt;scp.sylvain.reyjal@paris.notaires.fr&gt;; Cecile Plot &lt;plot.avoc@orange.fr&gt;; plot.avoc@wanadoo.fr &lt;plot.avoc@wanadoo.fr&gt;; pref-courrier-internet@paris.gouv.fr &lt;pref-courrier-internet@paris.gouv.fr&gt;; pole.quimper@univ-brest.fr &lt;pole.quimper@univ-brest.fr&gt;; ROBLIN Marie dominique [CEIDF] &lt;mariedominique.roblin@ceidf.caisse-epargne.fr&gt;; TJ-RODEZ\/PR\/SEC &lt;sec.pr.tj-rodez@justice.fr&gt;; s.ulliac@free.fr &lt;s.ulliac@free.fr&gt;; webmestre@conseil-constitutionnel.fr &lt;webmestre@conseil-constitutionnel.fr&gt;; yanick.alvarez@wanadoo.fr &lt;yanick.alvarez@wanadoo.fr&gt;; c.cahen-salvador@wanadoo.fr &lt;c.cahen-salvador@wanadoo.fr&gt;; philippe.louis4@wanadoo.fr &lt;philippe.louis4@wanadoo.fr&gt;; avocat.benmaad@wanadoo.fr &lt;avocat.benmaad@wanadoo.fr&gt;; taze-broquet@wanadoo.fr &lt;taze-broquet@wanadoo.fr&gt;; ordre.avocats.conseils@wanadoo.fr &lt;ordre.avocats.conseils@wanadoo.fr&gt;; paulastre@yahoo.fr &lt;paulastre@yahoo.fr&gt;<\/div>\n<div><b>Envoy\u00e9 :<\/b>\u00a0dimanche 26 avril 2026 \u00e0 20:43:49 UTC+2<\/div>\n<div><b>Objet :<\/b>\u00a0Erreur de qualification juridique des moyens de cassation par le BAJ de la Cour de cassation &#8212; Recours contre la d\u00e9cision n\u00b0 2025C2267 notifi\u00e9e le 24 avril 2026 du BAJ de la Cour de cassation &#8212; Entrave au droit d&#8217;acc\u00e8s \u00e0 un Tribunal.<\/div>\n<div><\/div>\n<div>\n<div id=\"ydpc5a115f8yiv1895446226\">\n<div>\n<div class=\"ydpc5a115f8yiv1895446226ydp90849bceyahoo-style-wrap\">\n<div dir=\"ltr\">\n<div dir=\"ltr\">Le 26 avril 202l<\/div>\n<div dir=\"ltr\">.<\/div>\n<div dir=\"ltr\"><b>De : L&#8217;Association AGIR ENSEMBLE POUR NOS DROITS<\/b>\u00a0&#8211;<\/div>\n<div dir=\"ltr\">141, avenue Rouget de Lisle &#8211; 94400 Vitry s\/Seine<\/div>\n<div dir=\"ltr\">.<\/div>\n<div dir=\"ltr\"><b>Au : Premier Pr\u00e9sident de la Cour de cassation<\/b>\u00a0&#8211; 5, Quai de l&#8217;Horloge &#8211; 75001 Paris<\/div>\n<div dir=\"ltr\">.<\/div>\n<div dir=\"ltr\">.<\/div>\n<div dir=\"ltr\">OBJET : Erreur de qualification juridique des moyens de cassation par le BAJ de la Cour de cassation &#8212; Recours contre la d\u00e9cision n\u00b0 2025C2267 notifi\u00e9e le 24 avril 2026 du BAJ de la Cour de cassation &#8212; Entrave au droit d&#8217;acc\u00e8s \u00e0 un Tribunal.<\/div>\n<div>.<\/div>\n<\/div>\n<div dir=\"ltr\">\n<div>.<\/div>\n<div dir=\"ltr\"><b>Monsieur le Premier Pr\u00e9sident de la Cour de cassation,<\/b><\/div>\n<div dir=\"ltr\">.<\/div>\n<div dir=\"ltr\">Par la pr\u00e9sente l&#8217;Association AGIR ENSEMBLE POUR NOS DROITS a l&#8217;honneur de vous saisir pour un recours contre la d\u00e9cision 2025C2267 notifi\u00e9e le 24 avril 2026 par le BAJ de la Cour de cassation dont\u00a0 l&#8217;annulation est demand\u00e9e,\u00a0et de porter \u00e0 votre haute attention une situation\u00a0particuli\u00e8rement pr\u00e9occupante affectant le droit d\u2019acc\u00e8s effectif \u00e0 un tribunal.<\/div>\n<div dir=\"ltr\">.<\/div>\n<div dir=\"ltr\">\n<div dir=\"ltr\">Le pr\u00e9sent recours est enregistr\u00e9 sous le n\u00b0 30920817 par le Minist\u00e8re de la Justice.<\/div>\n<\/div>\n<div dir=\"ltr\">\n<div>\n<div dir=\"ltr\">.<\/div>\n<div dir=\"ltr\">Alors que\u00a0<b>l&#8217;article 1533 du CPC<\/b>\u00a0garantit au justiciable le droit d&#8217;\u00eatre assist\u00e9 lors de la conciliation, et alors m\u00eame que jla conciliation est sollicit\u00e9e, le syst\u00e8me judiciaire refuse les moyens mat\u00e9riels de l&#8217;exercer.<\/div>\n<div dir=\"ltr\">.<\/div>\n<div dir=\"ltr\">Cette situation est \u00e9galement expos\u00e9e dans le recours enregistr\u00e9 le 25 avril 2026 sous le n\u00b0 30911622 par le minist\u00e8re de la Justice.<\/div>\n<div dir=\"ltr\">.<\/div>\n<div dir=\"ltr\">Dans ces conditions, l\u2019absence de conciliation ne saurait \u00eatre imput\u00e9e au justificiable d\u00e8s lors qu\u2019elle proc\u00e8de du d\u00e9faut de mise en \u0153uvre effective d\u2019un droit pourtant pr\u00e9vu par la loi.<\/div>\n<div dir=\"ltr\">.<\/div>\n<div dir=\"ltr\">Un tel m\u00e9canisme est de nature \u00e0 porter atteinte au droit au recours effectif, en subordonnant l\u2019acc\u00e8s au juge \u00e0 la renonciation pr\u00e9alable \u00e0 des garanties proc\u00e9durales l\u00e9galement reconnues.<\/div>\n<div dir=\"ltr\">.<\/div>\n<\/div>\n<\/div>\n<div dir=\"ltr\">Le texte ci-apr\u00e8s r\u00e9pond \u00e0 la question :<\/div>\n<div dir=\"ltr\">le BAJ a-t-il d\u00e9natur\u00e9 la nature juridique des moyens au point de neutraliser son pouvoir de filtrage ?<\/div>\n<div dir=\"ltr\">.<\/div>\n<div dir=\"ltr\">\n<div dir=\"ltr\">La d\u00e9cision attaqu\u00e9e n\u00b0 2025C2267 se borne \u00e0 qualifier de critiques factuelles les moyens qui invoquent notamment : la contradiction de motifs, le d\u00e9faut de base l\u00e9gale, l&#8217;irr\u00e9gularit\u00e9 proc\u00e9durale etc.<\/div>\n<div dir=\"ltr\">.<\/div>\n<div dir=\"ltr\">En s\u2019abstenant d\u2019en appr\u00e9cier la nature juridique r\u00e9elle, le BAJ a m\u00e9connu son office. Cette m\u00e9connaissance constitue un exc\u00e8s de pouvoir justifiant l&#8217;annulation.<\/div>\n<\/div>\n<div dir=\"ltr\">.<\/div>\n<div dir=\"ltr\">La demande pr\u00e9sente une architecture explicite identifiant plusieurs moyens autonomes. Les assimiler globalement \u00e0 une contestation factuelle r\u00e9v\u00e8le un examen insuffisamment individualis\u00e9 et une m\u00e9connaissance de l\u2019office du BAJ.<\/div>\n<div dir=\"ltr\">.<\/div>\n<div dir=\"ltr\">Chaque section ci-apr\u00e8s expose un moyen distinct dont l\u2019examen s\u00e9par\u00e9 conditionne la l\u00e9galit\u00e9 de la d\u00e9cision attaqu\u00e9e.<\/div>\n<div dir=\"ltr\">.<\/div>\n<div dir=\"ltr\">Les d\u00e9veloppements ci-apr\u00e8s distinguent notamment :<\/div>\n<div dir=\"ltr\">.<\/div>\n<div dir=\"ltr\"><b>V.1.<\/b>\u00a0Contradiction de motifs \/ Art. 455 CPC<\/div>\n<div dir=\"ltr\"><b>V.2.<\/b>\u00a0D\u00e9naturation de la situation proc\u00e9durale \/ D\u00e9faut de base l\u00e9gale<\/div>\n<div dir=\"ltr\"><b>V.3.<\/b>\u00a0Fin de non-recevoir \/ Omission de recherche sur l\u2019obstacle proc\u00e9dural et son imputabilit\u00e9<\/div>\n<div dir=\"ltr\"><b>V.4<\/b>.\u00a0Erreur de qualification juridique des moyens par le BAJ \/ D\u00e9ni de contr\u00f4le juridictionnel effectif<\/div>\n<div dir=\"ltr\"><b>V.5. + VI<\/b>\u00a0Amende civile \/ Absence de caract\u00e9risation de l\u2019abus (Art. 32-1 CPC)<\/div>\n<div dir=\"ltr\"><b>V.6.<\/b>\u00a0Omission ou Erreur de qualification juridique d\u2019un moyen relatif \u00e0 l\u2019entrave \u00e0 l\u2019acc\u00e8s au juge<\/div>\n<div dir=\"ltr\"><b>VII.<\/b>\u00a0Irr\u00e9gularit\u00e9 d&#8217;ordre public \/ D\u00e9cision rendue sans attendre l&#8217;AJ pendante (Art. 51 D\u00e9cret 2020)<\/div>\n<div dir=\"ltr\"><b>VIII.<\/b>\u00a0Atteinte au droit d\u2019acc\u00e8s effectif au juge (Art. 6 \u00a71 CEDH)<\/div>\n<div dir=\"ltr\">.<\/div>\n<div dir=\"ltr\">Le jugement retient que le motif de l\u2019impossibilit\u00e9 de recourir \u00e0 un conciliateur serait \u201cobscur\u201d, puis rel\u00e8ve que la requ\u00e9rante a d\u00e9pos\u00e9 une soixantaine de requ\u00eates sans tentative pr\u00e9alable de conciliation, avant d\u2019en d\u00e9duire un abus.<\/div>\n<div dir=\"ltr\">.<\/div>\n<div dir=\"ltr\">En statuant ainsi, sans rechercher si la multiplication des saisines proc\u00e9dait pr\u00e9cis\u00e9ment de l\u2019obstacle invoqu\u00e9 \u00e0 la conciliation, le juge a priv\u00e9 sa d\u00e9cision de base l\u00e9gale au regard de l\u2019article 32-1 du CPC.<\/div>\n<div dir=\"ltr\">.<\/div>\n<div dir=\"ltr\"><b>Pr\u00e9ambule<\/b>\u00a0:<\/div>\n<div dir=\"ltr\">.<\/div>\n<div dir=\"ltr\">Le BAJ, tenu d\u2019appr\u00e9cier le caract\u00e8re s\u00e9rieux des moyens de cassation invoqu\u00e9s, a requalifi\u00e9 des griefs relevant du contr\u00f4le de droit (contradiction de motifs, d\u00e9faut de base l\u00e9gale) en simples contestations de fait.<\/div>\n<div dir=\"ltr\">.<\/div>\n<div dir=\"ltr\">Cette requalification n\u2019a pas proc\u00e9d\u00e9 d\u2019un examen des moyens mais d\u2019une d\u00e9naturation de leur nature juridique.<\/div>\n<div dir=\"ltr\">.<\/div>\n<div dir=\"ltr\">En proc\u00e9dant ainsi, le BAJ n\u2019a pas simplement commis une erreur d\u2019appr\u00e9ciation, mais a priv\u00e9 son contr\u00f4le de filtrage de sa substance, en refusant d\u2019examiner des moyens relevant objectivement du contr\u00f4le de la Cour de cassation.<\/div>\n<div dir=\"ltr\">\n<div>.<\/div>\n<div>Cette m\u00e9connaissance de l\u2019office du BAJ constitue un exc\u00e8s de pouvoir ouvrant le recours-nullit\u00e9.<\/div>\n<\/div>\n<div dir=\"ltr\">.<\/div>\n<div dir=\"ltr\"><b>I. Synth\u00e8se du litige et m\u00e9connaissance de l&#8217;office du BAJ<\/b><\/div>\n<div dir=\"ltr\">.<\/div>\n<div dir=\"ltr\"><b>I.1. Moyen 1 &#8211; Imputabilit\u00e9 de l&#8217;\u00e9chec de la conciliation :<\/b><\/div>\n<div dir=\"ltr\">.<\/div>\n<div dir=\"ltr\">Le BAJ a refus\u00e9 de reconna\u00eetre comme moyen s\u00e9rieux de cassation le grief tir\u00e9 de ce que le juge a imput\u00e9 un abus de proc\u00e9dure \u00e0 la requ\u00e9rante sans analyser si le volume de requ\u00eates \u00e9tait la cons\u00e9quence directe de l\u2019obstacle proc\u00e9dural qu\u2019il avait lui-m\u00eame constat\u00e9.<\/div>\n<div dir=\"ltr\">.<\/div>\n<div dir=\"ltr\"><b>I.2. Illustration causale &#8211; M\u00e9taphore de la &#8220;porte close&#8221;<\/b>\u00a0:\u00a0Frapper \u00e0 la porte 60 fois pour qu&#8217;on vous ouvre<\/div>\n<div dir=\"ltr\">.<\/div>\n<div dir=\"ltr\">Frapper 60 fois n&#8217;est pas un &#8220;abus&#8221;, c&#8217;est la cons\u00e9quence directe et m\u00e9canique du fait que la porte est ferm\u00e9e. L&#8217;action de frapper n&#8217;est pas\u00a0<b>autonome<\/b>\u00a0: elle est caus\u00e9e par l&#8217;obstacle (la porte close).<\/div>\n<div dir=\"ltr\">.<\/div>\n<div dir=\"ltr\">Pour condamner l\u00e9galement pour &#8220;abus&#8221; (Art. 32-1 CPC), le juge ne peut pas se contenter de compter les requ\u00eates. Il a l&#8217;obligation juridique de prouver que ces 60 requ\u00eates \u00e9taient\u00a0<b>d\u00e9tachables<\/b>\u00a0du probl\u00e8me de la conciliation.<\/div>\n<div dir=\"ltr\">.<\/div>\n<div dir=\"ltr\"><b>Le d\u00e9faut de base l\u00e9gale :<\/b>\u00a0En disant simplement &#8220;Il y a 60 requ\u00eates, donc c&#8217;est un abus&#8221;, le juge oublie de v\u00e9rifier si ces requ\u00eates n&#8217;\u00e9taient pas, en r\u00e9alit\u00e9, 60 tentatives d\u00e9sesp\u00e9r\u00e9es de r\u00e9soudre l&#8217;obstacle qu&#8217;il a lui-m\u00eame constat\u00e9 (l&#8217;absence d&#8217;avocat qui emp\u00eache le conciliateur de proc\u00e9der).<\/div>\n<div dir=\"ltr\">.<\/div>\n<div dir=\"ltr\">En d\u00e9duisant un abus du seul nombre de saisines sans caract\u00e9riser leur autonomie par rapport \u00e0 l\u2019obstacle relev\u00e9 (l&#8217;impossibilit\u00e9 de concilier), le juge prive sa d\u00e9cision de base l\u00e9gale au regard de l\u2019article 32-1 du CPC.<\/div>\n<div dir=\"ltr\">.<\/div>\n<div dir=\"ltr\">\n<div>\n<div dir=\"ltr\">En d\u00e9duisant un abus d&#8217;une\u00a0<b>logique purement comptable li\u00e9e au nombre de saisines<\/b>, sans analyser si ce volume proc\u00e9dural \u00e9tait la cons\u00e9quence in\u00e9luctable de l&#8217;obstacle externe pr\u00e9c\u00e9demment constat\u00e9, le juge a priv\u00e9 sa d\u00e9cision RG n\u00b0 11-25-848 de base l\u00e9gale.<\/div>\n<div dir=\"ltr\">.<\/div>\n<div dir=\"ltr\"><b>I.3. Qualification juridique erron\u00e9e retenue par le jugement RG n\u00b0 11-25-848<\/b><\/div>\n<div dir=\"ltr\">.<\/div>\n<div dir=\"ltr\">Le jugement RG n\u00b0 11-25-848 \u00e9tablit un lien entre le d\u00e9faut de conciliation et le volume de requ\u00eates (60) sans analyser si ce dernier proc\u00e8de de l\u2019impossibilit\u00e9 proc\u00e9durale constat\u00e9e.<\/div>\n<div dir=\"ltr\">.<\/div>\n<div dir=\"ltr\">Le juge impute \u00e0 la requ\u00e9rante les cons\u00e9quences d\u2019un obstacle proc\u00e9dural qu\u2019il a lui-m\u00eame constat\u00e9.<\/div>\n<div dir=\"ltr\">.<\/div>\n<\/div>\n<\/div>\n<div dir=\"ltr\">\n<div>\n<div dir=\"ltr\">Le raisonnement conduit \u00e0 assimiler l\u2019\u00e9chec de la conciliation \u00e0 une carence imputable \u00e0 la requ\u00e9rante, alors m\u00eame que l\u2019expos\u00e9 du litige mentionne un obstacle externe.<\/div>\n<div>.<\/div>\n<div><b>&#8211; Dans l\u2019expos\u00e9 du litige<\/b>, il est relat\u00e9 que la requ\u00e9rante indiquait que la tentative de conciliation \u00e9tait emp\u00each\u00e9e par le refus du conciliateur de proc\u00e9der sans l\u2019assistance sollicit\u00e9e.<\/div>\n<div>.<\/div>\n<div>&#8211;\u00a0<b>Dans ses motifs<\/b>, le tribunal qualifie ensuite ce motif d\u2019\u201cobscur\u201d et en d\u00e9duit l\u2019irrecevabilit\u00e9 pour d\u00e9faut de conciliation pr\u00e9alable.<\/div>\n<div>.<\/div>\n<div>Une telle discordance entre les \u00e9l\u00e9ments relat\u00e9s par la d\u00e9cision et le raisonnement adopt\u00e9 \u00e9tait de nature \u00e0 fonder un moyen de cassation tir\u00e9, \u00e0 tout le moins, d\u2019une insuffisance ou contradiction de motifs, voire d\u2019un d\u00e9faut de base l\u00e9gale.<\/div>\n<div>.<\/div>\n<div dir=\"ltr\"><b>I.4. Erreur de lecture commise par le BAJ<\/b><\/div>\n<div dir=\"ltr\">.<\/div>\n<div>En qualifiant globalement ce grief de simple contestation factuelle, le BAJ a m\u00e9connu la nature juridique r\u00e9elle du moyen invoqu\u00e9.<\/div>\n<\/div>\n<div>.<\/div>\n<div dir=\"ltr\">Le jugement retient l&#8217;absence de conciliation pour les 60 requ\u00eates.<\/div>\n<div dir=\"ltr\">.<\/div>\n<div dir=\"ltr\">En \u00e9tablissant un lien entre la multiplication des saisines et l&#8217;impossibilit\u00e9 mat\u00e9rielle de concilier, le premier juge n&#8217;a pas seulement &#8220;appr\u00e9ci\u00e9&#8221; une situation ; il a\u00a0<b>m\u00e9connu les cons\u00e9quences juridiques<\/b>\u00a0de ses propres constatations.<\/div>\n<div dir=\"ltr\">.<\/div>\n<div dir=\"ltr\">\n<div>Sanctionner par une amende civile et une irrecevabilit\u00e9 une partie dont on a soi-m\u00eame act\u00e9 l&#8217;entrave au droit \u00e0 l&#8217;assistance constitue un\u00a0<b>d\u00e9tournement de l&#8217;article 32-1 du CPC<\/b>\u00a0et un\u00a0<b>d\u00e9faut de base l\u00e9gale<\/b>.<\/div>\n<div>.<\/div>\n<div>Le BAJ, en refusant d&#8217;y voir un moyen s\u00e9rieux de pur droit, a commis un exc\u00e8s de pouvoir par m\u00e9connaissance de son office de contr\u00f4le de la l\u00e9galit\u00e9.<\/div>\n<div>.<\/div>\n<div dir=\"ltr\">Les d\u00e9veloppements qui pr\u00e9c\u00e8dent r\u00e9sument les moyens ; les sections suivantes en exposent successivement la recevabilit\u00e9, l\u2019exc\u00e8s de pouvoir du BAJ et les moyens de cassation \u00e9cart\u00e9s.<\/div>\n<div>.<\/div>\n<div dir=\"ltr\">\n<div>\n<div dir=\"ltr\"><b>II. Objet du recours :<\/b><\/div>\n<div dir=\"ltr\">.<\/div>\n<div dir=\"ltr\">\n<div>Par d\u00e9cision n\u00b0 2025C2267 notifi\u00e9e le 24 avril 2026, le Bureau d\u2019aide juridictionnelle pr\u00e8s la Cour de cassation a rejet\u00e9 le recours form\u00e9 contre un pr\u00e9c\u00e9dent refus d\u2019aide juridictionnelle, au motif :<\/div>\n<div>.<\/div>\n<div>&#8220;<i>la Cour de cassation n\u2019exerce pas son contr\u00f4le sur l\u2019appr\u00e9ciation des faits et des \u00e9l\u00e9ments de preuve par les juges du fond ; qu\u2019il n\u2019appara\u00eet pas (&#8230;) qu\u2019un moyen s\u00e9rieux de cassation (&#8230;) puisse \u00eatre relev\u00e9\u00a0<\/i>&#8220;.<\/div>\n<div>.<\/div>\n<div>Le pr\u00e9sent recours-nullit\u00e9 est exerc\u00e9 nonobstant l\u2019article 23 de la loi du 10 juillet 1991, d\u00e8s lors qu\u2019est invoqu\u00e9 un\u00a0<strong>exc\u00e8s de pouvoir<\/strong>\u00a0r\u00e9sultant d\u2019une\u00a0<strong>m\u00e9connaissance de l\u2019office du BAJ<\/strong>, lequel a \u00e9cart\u00e9 sans les qualifier exactement la nature juridique r\u00e9elle des moyens soumis \u00e0 son appr\u00e9ciation.<\/div>\n<div>.<\/div>\n<div dir=\"ltr\">\n<div>\n<div dir=\"ltr\"><b>III. Recevabilit\u00e9 du recours-nullit\u00e9<\/b><\/div>\n<div>.<\/div>\n<div>S\u2019il est de principe que les d\u00e9cisions du BAJ ne sont pas susceptibles de recours ordinaire, cette r\u00e8gle ne fait pas obstacle au recours-nullit\u00e9 lorsqu\u2019est all\u00e9gu\u00e9 un exc\u00e8s de pouvoir.<\/div>\n<div>.<\/div>\n<div>Le recours-nullit\u00e9 demeure ouvert lorsqu\u2019une autorit\u00e9 juridictionnelle ou un organe charg\u00e9 de statuer :<\/div>\n<div>.<\/div>\n<div>&#8211; statue hors des limites de sa comp\u00e9tence,<\/div>\n<div>&#8211; m\u00e9conna\u00eet son office,<\/div>\n<div>&#8211; ou prive une partie d\u2019un droit processuel par une erreur manifeste de qualification juridique.<\/div>\n<div>.<\/div>\n<div>Tel est le cas en l\u2019esp\u00e8ce.<\/div>\n<\/div>\n<\/div>\n<\/div>\n<\/div>\n<p>.<\/p><\/div>\n<div dir=\"ltr\">\n<div><b>IV. Exc\u00e8s de pouvoir commis par le BAJ<\/b><\/div>\n<div>.<\/div>\n<div dir=\"ltr\"><b>IV.1. Motifs retenus par le BAJ<\/b><\/div>\n<div dir=\"ltr\">.<\/div>\n<div>Le BAJ a rejet\u00e9 la demande en consid\u00e9rant que les griefs invoqu\u00e9s relevaient d\u2019une contestation des faits, \u00e9trang\u00e8re au contr\u00f4le de la Cour de cassation.<\/div>\n<div>.<\/div>\n<div dir=\"ltr\"><b>IV.2. Nature r\u00e9elle des moyens invoqu\u00e9s<\/b><\/div>\n<div>.<\/div>\n<div>Or les moyens soumis \u00e9taient, au contraire, des\u00a0moyens relevant de mani\u00e8re s\u00e9rieuse, du contr\u00f4le de l\u00e9galit\u00e9 de la Cour de cassation.<\/div>\n<div>.<\/div>\n<div dir=\"ltr\"><b>IV.3. M\u00e9connaissance de l&#8217;objet du recours<\/b><\/div>\n<div>.<\/div>\n<div dir=\"ltr\">Le BAJ n\u2019a pas examin\u00e9 la demande selon son objet r\u00e9el : en traitant les moyens de pur droit comme s\u2019ils constituaient des griefs de fait, il a modifi\u00e9 l\u2019objet du recours et m\u00e9connu l&#8217;\u00e9tendue de sa mission de filtrage.<\/div>\n<div>.<\/div>\n<div dir=\"ltr\"><b>IV.4. Cons\u00e9quence juridique<\/b><\/div>\n<div dir=\"ltr\">.<\/div>\n<div>Cette erreur affecte l\u2019exercice m\u00eame de sa mission de filtrage et constitue un exc\u00e8s de pouvoir.<\/div>\n<div>.<\/div>\n<\/div>\n<\/div>\n<\/div>\n<div dir=\"ltr\">\n<div dir=\"ltr\"><b>V. Existence de moyens s\u00e9rieux de cassation \u00e9cart\u00e9s \u00e0 tort<\/b><\/div>\n<div>.<\/div>\n<div>Le pourvoi projet\u00e9 faisait notamment valoir les moyens suivants :<\/div>\n<div>.<\/div>\n<div dir=\"ltr\"><b>V.1. Contradiction de motifs \/ insuffisance de motivation (article 455 CPC)<\/b><\/div>\n<div>.<\/div>\n<div>Le jugement pr\u00e9sente une articulation interne susceptible de caract\u00e9riser une contradiction de motifs ou, \u00e0 tout le moins, un d\u00e9faut de base l\u00e9gale.<\/div>\n<div>.<\/div>\n<div dir=\"ltr\"><b>V.1.1. Constatation du jugement :<\/b><\/div>\n<div>.<\/div>\n<div><b>Le constat :<\/b>\u00a0Dans l\u2019expos\u00e9 du litige, le jugement \u00e9nonce express\u00e9ment que la requ\u00e9rante indiquait que la tentative de conciliation \u00e9tait emp\u00each\u00e9e par le refus du conciliateur de proc\u00e9der sans l\u2019assistance sollicit\u00e9e.<\/div>\n<div>.<\/div>\n<div dir=\"ltr\"><b>V.1.2. Incompatibilit\u00e9 interne de la motivation<\/b><\/div>\n<div dir=\"ltr\">.<\/div>\n<div><b>La contradiction :<\/b>\u00a0Dans ses motifs, le tribunal qualifie n\u00e9anmoins ce motif d\u2019\u201cobscur\u201d pour en d\u00e9duire une irrecevabilit\u00e9 pour d\u00e9faut de conciliation pr\u00e9alable.<\/div>\n<div>.<\/div>\n<div dir=\"ltr\"><b>V.1.3. Port\u00e9e cassationnelle du moyen<\/b><\/div>\n<div dir=\"ltr\">.<\/div>\n<div>Cette discordance entre les \u00e9l\u00e9ments express\u00e9ment relev\u00e9s dans la d\u00e9cision et la motivation retenue est de nature \u00e0 soulever un moyen de cassation s\u00e9rieusement arguable.<\/div>\n<div>.<\/div>\n<div dir=\"ltr\"><b>V.1.4. Erreur commise par le BAJ<\/b><\/div>\n<div dir=\"ltr\">.<\/div>\n<div>En qualifiant d\u2019&#8221;obscur&#8221; ce qu&#8217;il a lui-m\u00eame consign\u00e9 de fa\u00e7on claire quelques lignes plus haut, le juge trahit le sens de sa propre d\u00e9cision, privant celle-ci de toute coh\u00e9rence.<\/div>\n<div>.<\/div>\n<div>Le raisonnement retenu conduit en effet \u00e0 tirer une cons\u00e9quence juridique d\u00e9favorable de l\u2019\u00e9chec de la conciliation sans analyse suffisante de son imputabilit\u00e9, alors m\u00eame que l\u2019existence d\u2019un obstacle externe est mentionn\u00e9e dans les constatations de la d\u00e9cision.<\/div>\n<div>.<\/div>\n<div>Le juge a ainsi transform\u00e9 l\u2019exercice d\u2019un droit l\u00e9gal (l&#8217;assistance) en faute proc\u00e9durale.<\/div>\n<div>.<\/div>\n<div dir=\"ltr\">\n<div>Une telle configuration justifiait un grief de pur droit relevant du contr\u00f4le normatif de la Cour de cassation.\u00a0<b>En l\u2019\u00e9cartant comme une simple contestation de faits, le BAJ a m\u00e9connu la port\u00e9e juridique r\u00e9elle du moyen invoqu\u00e9.<\/b><\/div>\n<div>.<\/div>\n<div>Cette analyse op\u00e8re un contresens sur la port\u00e9e de l\u2019article 1533 CPC ; une telle m\u00e9connaissance de la r\u00e8gle de droit, par son caract\u00e8re manifeste, constitue un exc\u00e8s de pouvoir.<\/div>\n<div>.<\/div>\n<div dir=\"ltr\">\n<div dir=\"ltr\">\n<div dir=\"ltr\">\n<div dir=\"ltr\">\n<div>\n<div dir=\"ltr\"><b>V.2. D\u00e9naturation de la situation proc\u00e9durale\u00a0<\/b><\/div>\n<\/div>\n<p>.<\/p><\/div>\n<div dir=\"ltr\"><b>(<i>voir \u00e9galement &#8220;VI. sur l&#8217;amende civile&#8221;<\/i>)<\/b><\/div>\n<div dir=\"ltr\">.<\/div>\n<div dir=\"ltr\"><b>V.2.1. S\u00e9quence retenue par le jugement<\/b><\/div>\n<div dir=\"ltr\">.<\/div>\n<div dir=\"ltr\">Le juge :<\/div>\n<div dir=\"ltr\">.<\/div>\n<div dir=\"ltr\">&#8211; admet un blocage \u00e0 la conciliation (fait objectif dans l\u2019expos\u00e9)<\/div>\n<div dir=\"ltr\">&#8211; puis le neutralise dans la motivation<\/div>\n<div dir=\"ltr\">&#8211; et reconstruit un r\u00e9cit de \u201cnon-diligence\u201d<\/div>\n<div dir=\"ltr\">.<\/div>\n<div dir=\"ltr\"><b>V.2.2. Qualification juridique possible<\/b><\/div>\n<div dir=\"ltr\">.<\/div>\n<div dir=\"ltr\">Ce qui permet de soutenir :<\/div>\n<div dir=\"ltr\">.<\/div>\n<div dir=\"ltr\">&#8211; contradiction interne<\/div>\n<div dir=\"ltr\">&#8211; et potentiellement\u00a0<strong>d\u00e9naturation des constatations de la d\u00e9cision elle-m\u00eame<\/strong><\/div>\n<\/div>\n<div dir=\"ltr\">.<\/div>\n<div dir=\"ltr\"><b>V.2.3. D\u00e9faut de base l\u00e9gale corr\u00e9latif<\/b><\/div>\n<div dir=\"ltr\">.<\/div>\n<div dir=\"ltr\">Le jugement \u00e9tablit un lien entre le d\u00e9faut de conciliation et le volume de requ\u00eates sans analyser si ce dernier proc\u00e8de de l\u2019impossibilit\u00e9 proc\u00e9durale constat\u00e9e.<\/div>\n<div dir=\"ltr\">.<\/div>\n<div dir=\"ltr\"><b>V.2.4. Erreur d&#8217;analyse du BAJ<\/b><\/div>\n<div dir=\"ltr\">.<\/div>\n<div dir=\"ltr\">En d\u00e9duisant un abus des 60 requ\u00eates sans caract\u00e9riser leur autonomie par rapport \u00e0 l\u2019obstacle relev\u00e9, le juge prive sa d\u00e9cision de base l\u00e9gale au regard de l\u2019article 32-1 du CPC.<\/div>\n<div dir=\"ltr\">Le d\u00e9faut de base l\u00e9gale r\u00e9sulte de l\u2019absence de recherche sur le caract\u00e8re autonome du comportement sanctionn\u00e9 au regard de l\u2019obstacle proc\u00e9dural constat\u00e9<\/div>\n<\/div>\n<\/div>\n<\/div>\n<div>.<\/div>\n<div dir=\"ltr\"><b>V.3. D\u00e9faut de base l\u00e9gale sur la fin de non-recevoir<\/b><\/div>\n<div>.<\/div>\n<div dir=\"ltr\"><b>V.3.1. D\u00e9cision RG n\u00b0 11-25-848 attaqu\u00e9e<\/b><\/div>\n<div dir=\"ltr\">.<\/div>\n<div>Le jugement prononce l\u2019irrecevabilit\u00e9 pour d\u00e9faut de conciliation pr\u00e9alable sans rechercher si l\u2019\u00e9chec de la tentative proc\u00e9dait d\u2019un obstacle ext\u00e9rieur invoqu\u00e9 par la partie.<\/div>\n<div>.<\/div>\n<div dir=\"ltr\"><b>V.3.2. Recherche omise<\/b><\/div>\n<div dir=\"ltr\">.<\/div>\n<div>L\u2019absence de recherche sur l\u2019imputabilit\u00e9 r\u00e9elle du d\u00e9faut de conciliation constituait un moyen de cassation s\u00e9rieux.<\/div>\n<div>.<\/div>\n<div dir=\"ltr\"><b>V.3.3. Atteinte proc\u00e9durale r\u00e9sultante<\/b><\/div>\n<div dir=\"ltr\">.<\/div>\n<div dir=\"ltr\">Il en r\u00e9sulte un\u00a0<b>paradoxe proc\u00e9dural<\/b>\u00a0: pour acc\u00e9der au juge, la requ\u00e9rante se voit contrainte de renoncer \u00e0 une garantie l\u00e9gale invoqu\u00e9e (l&#8217;assistance). En validant une telle impasse, le BAJ a ent\u00e9rin\u00e9 une atteinte \u00e0 la substance m\u00eame du droit d&#8217;acc\u00e8s au tribunal.<\/div>\n<div dir=\"ltr\">.<\/div>\n<div dir=\"ltr\"><b>V.3.4. Port\u00e9e conventionnelle<\/b><\/div>\n<div dir=\"ltr\">.<\/div>\n<div dir=\"ltr\">En validant cette impasse, le BAJ accepte qu&#8217;une formalit\u00e9 (la conciliation) devienne un obstacle insurmontable for\u00e7ant \u00e0 abandonner des garanties l\u00e9gales, ce qui constitue une atteinte \u00e0 la substance m\u00eame du droit d&#8217;acc\u00e8s au juge (Art. 6 \u00a71 CEDH).<\/div>\n<div dir=\"ltr\">.<\/div>\n<div dir=\"ltr\"><b>V.4.\u00a0D\u00e9ni de contr\u00f4le juridictionnel effectif r\u00e9sultant d\u2019une contradiction structurelle du m\u00e9canisme proc\u00e9dural et du filtrage de l\u2019aide juridictionnelle<\/b><\/div>\n<div dir=\"ltr\">.<\/div>\n<div dir=\"ltr\"><b>V.4.1. Existence d\u2019une contradiction structurelle du dispositif proc\u00e9dural<br \/>\n<\/b><\/div>\n<div dir=\"ltr\">.<\/div>\n<div dir=\"ltr\">Le jugement du fond subordonne l\u2019examen des demandes \u00e0 une tentative pr\u00e9alable de conciliation, tout en constatant que cette conciliation est mat\u00e9riellement impossible en raison de l\u2019absence d\u2019assistance juridique effective.<\/div>\n<div dir=\"ltr\">.<\/div>\n<div dir=\"ltr\">Il en r\u00e9sulte une contradiction interne du dispositif proc\u00e9dural :<\/div>\n<div dir=\"ltr\">.<\/div>\n<div dir=\"ltr\">&#8211; une condition pr\u00e9alable d\u2019acc\u00e8s au juge est exig\u00e9e,<\/div>\n<div dir=\"ltr\">&#8211; alors m\u00eame que les conditions n\u00e9cessaires \u00e0 sa r\u00e9alisation sont constat\u00e9es comme inexistantes.<\/div>\n<div dir=\"ltr\">.<\/div>\n<div dir=\"ltr\"><b>V.4.2. Neutralisation du moyen de contestation de cette contradiction par le BAJ<\/b><\/div>\n<div dir=\"ltr\">.<\/div>\n<div dir=\"ltr\">Le moyen tir\u00e9 de cette contradiction constitue un moyen de pur droit, d\u00e8s lors qu\u2019il porte sur la coh\u00e9rence des conditions proc\u00e9durales d\u2019acc\u00e8s au juge et sur la l\u00e9galit\u00e9 de l\u2019irrecevabilit\u00e9 prononc\u00e9e.<\/div>\n<div dir=\"ltr\">.<\/div>\n<div dir=\"ltr\">Or, le Bureau d\u2019aide juridictionnelle refuse de reconna\u00eetre le caract\u00e8re s\u00e9rieux de ce moyen en le requalifiant en simple contestation de faits, au motif que la Cour de cassation ne contr\u00f4le pas l\u2019appr\u00e9ciation des faits par les juges du fond.<\/div>\n<div dir=\"ltr\">.<\/div>\n<div dir=\"ltr\"><b>V.4.3. Erreur de qualification juridique<\/b><\/div>\n<div dir=\"ltr\">.<\/div>\n<div dir=\"ltr\">Cette analyse proc\u00e8de d\u2019une erreur de qualification juridique d\u00e8s lors que le moyen invoqu\u00e9 ne porte pas sur des faits, mais sur :<\/div>\n<div dir=\"ltr\">.<\/div>\n<div dir=\"ltr\">&#8211; la coh\u00e9rence juridique des conditions d\u2019acc\u00e8s au juge,<\/div>\n<div dir=\"ltr\">&#8211; et la possibilit\u00e9 m\u00eame de satisfaire une condition proc\u00e9durale exig\u00e9e par le juge du fond.<\/div>\n<div dir=\"ltr\">.<\/div>\n<div dir=\"ltr\"><b>V.4.4. Effet cumulatif : d\u00e9ni de contr\u00f4le juridictionnel effectif<\/b><\/div>\n<div dir=\"ltr\">.<\/div>\n<div dir=\"ltr\">Il en r\u00e9sulte une situation dans laquelle :<\/div>\n<div dir=\"ltr\">.<\/div>\n<div dir=\"ltr\">&#8211; une condition proc\u00e9durale est exig\u00e9e \u00e0 peine d\u2019irrecevabilit\u00e9,<\/div>\n<div dir=\"ltr\">&#8211; cette condition est entrav\u00e9e selon les propres constatations du jugement,<\/div>\n<div dir=\"ltr\">&#8211; et la contestation juridique de cette contradiction est \u00e9cart\u00e9e au stade de l\u2019aide juridictionnelle.<\/div>\n<div dir=\"ltr\">.<\/div>\n<div dir=\"ltr\">Un tel m\u00e9canisme prive la requ\u00e9rante de tout contr\u00f4le juridictionnel effectif sur la validit\u00e9 de la condition d\u2019acc\u00e8s au juge.<\/div>\n<div dir=\"ltr\">.<\/div>\n<div dir=\"ltr\"><b>V.4.5. Atteinte au principe d\u2019\u00e9galit\u00e9 devant la justice et au droit au recours effectif<\/b><\/div>\n<div dir=\"ltr\">.<\/div>\n<div dir=\"ltr\">\n<div>Cette situation porte atteinte au principe d\u2019\u00e9galit\u00e9 devant la justice et au droit au recours effectif garanti par l\u2019article 6 \u00a71 de la Convention europ\u00e9enne des droits de l\u2019homme, d\u00e8s lors que l\u2019acc\u00e8s au juge devient conditionn\u00e9 \u00e0 une exigence proc\u00e9durale impossible \u00e0 satisfaire en pratique.<\/div>\n<\/div>\n<div dir=\"ltr\">.<\/div>\n<div dir=\"ltr\"><b>V.5. Motivation de l\u2019amende civile<\/b><\/div>\n<div>.<\/div>\n<div dir=\"ltr\"><b>V.5.1. Motifs express\u00e9ment retenus<\/b><\/div>\n<div dir=\"ltr\">.<\/div>\n<div>Le jugement prononce une amende civile en se fondant notamment sur le nombre de requ\u00eates d\u00e9pos\u00e9es et l\u2019encombrement du greffe.<\/div>\n<div>.<\/div>\n<div dir=\"ltr\"><b>V.5.2. Question de droit soulev\u00e9e<\/b><\/div>\n<div dir=\"ltr\">.<\/div>\n<div>La question de savoir si ces motifs suffisent \u00e0 caract\u00e9riser un abus du droit d\u2019agir relevait manifestement du contr\u00f4le de l\u00e9galit\u00e9.<\/div>\n<div>.<\/div>\n<div dir=\"ltr\"><b>V.5.3. Insuffisance normative des motifs<\/b><\/div>\n<div dir=\"ltr\">.<\/div>\n<div dir=\"ltr\">Le magistrat a substitu\u00e9 une logique comptable \u00e0 la r\u00e8gle de droit en sanctionnant un &#8220;engorgement du greffe&#8221;. Or, l&#8217;encombrement des tribunaux n&#8217;est pas une faute juridique caract\u00e9risant un abus au sens de l&#8217;article 32-1 CPC.<\/div>\n<div dir=\"ltr\">.<\/div>\n<div dir=\"ltr\">Les motifs retenus paraissent \u00e9trangers aux crit\u00e8res habituels de l\u2019abus du droit d\u2019agir.<\/div>\n<div dir=\"ltr\">.<\/div>\n<div dir=\"ltr\"><b>V.5.4. Erreur du BAJ<\/b><\/div>\n<div dir=\"ltr\">.<\/div>\n<div dir=\"ltr\">En refusant d&#8217;examiner ce moyen de pur droit, le BAJ a valid\u00e9 une\u00a0<b>appr\u00e9ciation centr\u00e9e sur le comportement imput\u00e9 \u00e0 la requ\u00e9rante<\/b>\u00a0plut\u00f4t que sur les conditions l\u00e9gales de l&#8217;abus, r\u00e9v\u00e9lant ainsi un usage du pouvoir d&#8217;appr\u00e9ciation exc\u00e9dant l&#8217;office l\u00e9gal du Bureau.<\/div>\n<div dir=\"ltr\">.<\/div>\n<div dir=\"ltr\"><b>V.6. Exc\u00e8s de pouvoir r\u00e9sultant de la contradiction entre le refus d&#8217;aide juridictionnelle et les constatations du jugement attaqu\u00e9 relatives \u00e0 l&#8217;absence de conseil<\/b><\/div>\n<div dir=\"ltr\">.<\/div>\n<div dir=\"ltr\"><b>V.6.1. Constatations expresses du jugement RG 11-25-848<\/b><\/div>\n<div dir=\"ltr\">.<\/div>\n<div dir=\"ltr\">Le jugement attaqu\u00e9 constate express\u00e9ment que :<\/div>\n<div dir=\"ltr\">.<\/div>\n<div dir=\"ltr\">&#8211; la requ\u00e9rante indiquait que le conciliateur refusait de concilier sans le concours de l\u2019avocat sollicit\u00e9 ;<\/div>\n<div dir=\"ltr\">&#8211; le motif d\u2019impossibilit\u00e9 de conciliation est qualifi\u00e9 d\u2019\u201cobscur\u201d ;<\/div>\n<div dir=\"ltr\">&#8211; la proc\u00e9dure est ensuite sanctionn\u00e9e comme abusive et irrecevable pour d\u00e9faut de conciliation pr\u00e9alable.<\/div>\n<div dir=\"ltr\">.<\/div>\n<div dir=\"ltr\">Il ressort ainsi des propres constatations du jugement que l\u2019\u00e9chec de la conciliation est directement li\u00e9 \u00e0 une difficult\u00e9 tenant \u00e0 l\u2019absence d\u2019assistance juridique effective.<\/div>\n<div dir=\"ltr\">.<\/div>\n<div dir=\"ltr\"><b>V.6.2. Port\u00e9e juridique de ces constatations<\/b><\/div>\n<div dir=\"ltr\">.<\/div>\n<div dir=\"ltr\">Ces \u00e9l\u00e9ments caract\u00e9risent, \u00e0 tout le moins, une situation dans laquelle :<\/div>\n<div dir=\"ltr\">.<\/div>\n<div dir=\"ltr\">&#8211; l\u2019acc\u00e8s au m\u00e9canisme de conciliation est conditionn\u00e9 \u00e0 l\u2019assistance d\u2019un avocat ;<\/div>\n<div dir=\"ltr\">&#8211; cette assistance constitue un \u00e9l\u00e9ment d\u00e9terminant de la possibilit\u00e9 effective d\u2019agir.<\/div>\n<div dir=\"ltr\">.<\/div>\n<div dir=\"ltr\">Le juge du fond ne tranche pas cette difficult\u00e9, mais la constate implicitement comme facteur du blocage proc\u00e9dural.<\/div>\n<div dir=\"ltr\">.<\/div>\n<div dir=\"ltr\"><b>V.6.3. Contradiction avec la d\u00e9cision du BAJ<\/b><\/div>\n<div dir=\"ltr\">.<\/div>\n<div dir=\"ltr\">En rejetant la demande d\u2019aide juridictionnelle au motif de l\u2019absence de moyen s\u00e9rieux de cassation, le BAJ :<\/div>\n<div dir=\"ltr\">.<\/div>\n<div dir=\"ltr\">&#8211; ne tire aucune cons\u00e9quence juridique des constatations du jugement relatives \u00e0 l\u2019entrave li\u00e9e \u00e0 l\u2019absence de conseil ;<\/div>\n<div dir=\"ltr\">.<\/div>\n<div dir=\"ltr\">&#8211; neutralise le grief tir\u00e9 de cette entrave en le requalifiant en simple contestation de fait.<\/div>\n<div dir=\"ltr\">.<\/div>\n<div dir=\"ltr\">Ainsi, le BAJ omet de prendre en compte un \u00e9l\u00e9ment d\u00e9terminant du raisonnement du jugement attaqu\u00e9, qui affecte directement l\u2019acc\u00e8s effectif au juge.<\/div>\n<div dir=\"ltr\">.<\/div>\n<div dir=\"ltr\"><b>V.6.4. Exc\u00e8s de pouvoir r\u00e9sultant de cette omission<\/b><\/div>\n<div dir=\"ltr\">.<\/div>\n<div dir=\"ltr\">En statuant ainsi, le BAJ ne se borne pas \u00e0 appr\u00e9cier le s\u00e9rieux d\u2019un moyen :<\/div>\n<div dir=\"ltr\">.<\/div>\n<div dir=\"ltr\">&#8211; il laisse sans r\u00e9ponse un grief portant sur une entrave structurelle \u00e0 l\u2019acc\u00e8s \u00e0 la justice,<\/div>\n<div dir=\"ltr\">&#8211; pourtant express\u00e9ment r\u00e9v\u00e9l\u00e9e par les constatations du jugement.<\/div>\n<div dir=\"ltr\">.<\/div>\n<div dir=\"ltr\">Cette omission \u00e9quivaut \u00e0 une m\u00e9connaissance de l\u2019office du BAJ, tenu d\u2019examiner la nature juridique r\u00e9elle des moyens invoqu\u00e9s.<\/div>\n<div dir=\"ltr\">.<\/div>\n<div dir=\"ltr\">Elle caract\u00e9rise un exc\u00e8s de pouvoir d\u00e8s lors que le filtrage exerc\u00e9 aboutit \u00e0 priver d\u2019effet un moyen tir\u00e9 de l\u2019atteinte au droit d\u2019acc\u00e8s au juge et \u00e0 l\u2019assistance effective.<\/div>\n<div dir=\"ltr\">.<\/div>\n<div dir=\"ltr\"><b>V.6.5. Port\u00e9e au regard de l\u2019article 6 \u00a71 de la CEDH<\/b><\/div>\n<div dir=\"ltr\">.<\/div>\n<div dir=\"ltr\">En refusant de prendre en consid\u00e9ration cet \u00e9l\u00e9ment, le BAJ valide un filtrage ayant pour effet :<\/div>\n<div dir=\"ltr\">.<\/div>\n<div dir=\"ltr\">&#8211; de maintenir une situation o\u00f9 l\u2019acc\u00e8s au juge d\u00e9pend de l\u2019absence d\u2019assistance effective,<\/div>\n<div dir=\"ltr\">&#8211; et de neutraliser un grief directement li\u00e9 aux garanties du proc\u00e8s \u00e9quitable.<\/div>\n<div dir=\"ltr\">.<\/div>\n<div dir=\"ltr\">Une telle approche porte atteinte au caract\u00e8re concret et effectif du droit d\u2019acc\u00e8s au juge au sens de l\u2019article 6 \u00a71 de la CEDH.<\/div>\n<div dir=\"ltr\">.<\/div>\n<div dir=\"ltr\">\n<div dir=\"ltr\"><b>VI. D\u00e9faut de base l\u00e9gale de l&#8217;amende civile<\/b><\/div>\n<div dir=\"ltr\">.<\/div>\n<div dir=\"ltr\">(<i><b>compl\u00e8te V.4.<\/b><\/i>)<\/div>\n<div dir=\"ltr\">.<\/div>\n<div dir=\"ltr\"><b>VI.1. Incoh\u00e9rence structurelle du raisonnement<\/b><\/div>\n<div dir=\"ltr\">.<\/div>\n<div dir=\"ltr\">\n<div>Le jugement attaqu\u00e9 pr\u00e9sente une incoh\u00e9rence interne s\u00e9rieuse.<\/div>\n<div>.<\/div>\n<div dir=\"ltr\"><b>VI.2. Passage critiqu\u00e9 du jugement RG n\u00b0 11-25-848<\/b><\/div>\n<div>.<\/div>\n<div dir=\"ltr\">Le juge a \u00e9crit, dans son jugement RG n\u00b0 11-25-848 :<\/div>\n<div dir=\"ltr\">.<\/div>\n<div dir=\"ltr\">\n<div>&#8220;<i>Le motif de l\u2019impossibilit\u00e9 d\u2019avoir recours \u00e0 un conciliateur est obscur (&#8230;) la requ\u00e9rante a d\u00e9pos\u00e9 une soixantaine de requ\u00eates (&#8230;) une telle pratique (&#8230;) est manifestement abusive<\/i>.&#8221;<\/div>\n<div>.<br \/>\n<strong>Le raisonnement du jugement revient \u00e0 articuler absence de conciliation, multiplicit\u00e9 des requ\u00eates et abus.<\/strong><\/div>\n<\/div>\n<div dir=\"ltr\">.<\/div>\n<div dir=\"ltr\">absence de conciliation + r\u00e9p\u00e9tition des requ\u00eates = abus \/ engorgement<\/div>\n<div dir=\"ltr\">.<\/div>\n<div dir=\"ltr\"><b>VI.3. Glissement de la recevabilit\u00e9 vers la faute<\/b><\/div>\n<div dir=\"ltr\">.<\/div>\n<div dir=\"ltr\">Donc il\u00a0<strong>change la nature du raisonnement<\/strong>\u00a0:<\/div>\n<div dir=\"ltr\">.<\/div>\n<div dir=\"ltr\">&#8211; de la recevabilit\u00e9 (logique objective)<\/div>\n<div dir=\"ltr\">&#8211; vers la sanction comportementale (logique subjective)<\/div>\n<div dir=\"ltr\">.<\/div>\n<div dir=\"ltr\"><b>VI.4.\u00a0Recherche omise sur le lien causal<\/b><\/div>\n<div dir=\"ltr\">.<\/div>\n<div dir=\"ltr\">Le juge :<\/div>\n<div dir=\"ltr\">.<\/div>\n<div dir=\"ltr\">&#8211; n&#8217;a pas v\u00e9rifi\u00e9 si la conciliation est la cons\u00e9quence des 60 requ\u00eates<\/div>\n<div dir=\"ltr\">.<\/div>\n<div dir=\"ltr\">mais les traite comme une\u00a0<b>faute de comportement<\/b>, sans rechercher si cette r\u00e9p\u00e9tition n&#8217;\u00e9tait pas la\u00a0<b>seule voie de recours possible<\/b>\u00a0face au blocage de la conciliation \u00e0 cause de l&#8217;absence de l&#8217;avocat.<\/div>\n<div dir=\"ltr\">.<\/div>\n<div dir=\"ltr\"><b>VI.5.\u00a0R\u00e8gle de droit applicable (art. 32-1 CPC)<\/b><\/div>\n<div dir=\"ltr\">.<\/div>\n<div dir=\"ltr\">Or :<\/div>\n<div dir=\"ltr\">.<\/div>\n<div dir=\"ltr\">&#8211; l\u2019amende civile (art. 32-1 CPC) suppose un\u00a0<strong>abus caract\u00e9ris\u00e9<\/strong><\/div>\n<div dir=\"ltr\"><b>&#8211;\u00a0<\/b>pas une simple r\u00e9p\u00e9tition de recours<\/div>\n<div dir=\"ltr\">&#8211; et surtout pas un abus d\u00e9duit d\u2019un\u00a0<strong>obstacle proc\u00e9dural pr\u00e9alable non r\u00e9solu<\/strong><\/div>\n<div dir=\"ltr\">.<\/div>\n<div dir=\"ltr\">Le jugement contient une\u00a0<strong>confusion normative<\/strong>\u00a0:<\/div>\n<div dir=\"ltr\">.<\/div>\n<div dir=\"ltr\">&#8211; il constate un obstacle \u00e0 la conciliation<\/div>\n<div dir=\"ltr\">&#8211; mais utilise simultan\u00e9ment le volume de requ\u00eates comme preuve d\u2019abus<\/div>\n<div dir=\"ltr\">&#8211; sans analyser si ce volume est\u00a0<strong>caus\u00e9 par l&#8217;obstacle \u00e0 la conciliation<\/strong><\/div>\n<div dir=\"ltr\">\n<div>.<\/div>\n<div>Donc il y a un d\u00e9faut de base l\u00e9gale de l\u2019amende civile\u00a0car il y a absence d\u2019examen du\u00a0<strong>lien de causalit\u00e9 entre comportement reproch\u00e9 et obstacle proc\u00e9dural constat\u00e9<\/strong><\/div>\n<div>.<\/div>\n<div dir=\"ltr\"><b>VI.6.\u00a0Formulation exacte du grief<\/b><\/div>\n<div dir=\"ltr\">.<\/div>\n<div dir=\"ltr\">Le juge n\u2019a pas \u00e9crit une \u00e9quation simpliste. Il a fait juridiquement plus subtil &#8212; et potentiellement plus critiquable &#8212; en :<\/div>\n<div dir=\"ltr\">.<\/div>\n<div dir=\"ltr\">&#8211; disqualifiant l\u2019obstacle par le mot &#8220;<strong>\u00a0obscur &#8220;<\/strong>\u00a0;<\/div>\n<div dir=\"ltr\">&#8211; rappelant ensuite la\u00a0<strong>soixantaine de requ\u00eates sans conciliation<\/strong>\u00a0;<\/div>\n<div dir=\"ltr\">&#8211; puis qualifiant la pratique d\u2019<strong>abusive<\/strong>.<\/div>\n<div dir=\"ltr\">\n<div>.<\/div>\n<div dir=\"ltr\"><b>VI.7. Synth\u00e8se<\/b><\/div>\n<div dir=\"ltr\">.<\/div>\n<div>Autrement dit, il\u00a0<strong>\u00e9carte d\u2019abord la cause explicative<\/strong>, puis\u00a0<strong>sanctionne les cons\u00e9quences<\/strong>.<\/div>\n<div>.<\/div>\n<div dir=\"ltr\">Le juge a sanctionn\u00e9 la r\u00e9p\u00e9tition des requ\u00eates sans rechercher si cette r\u00e9p\u00e9tition proc\u00e9dait de l\u2019obstacle pr\u00e9alable qu\u2019il venait d\u2019\u00e9carter sommairement.<\/div>\n<\/div>\n<div>.<\/div>\n<\/div>\n<\/div>\n<\/div>\n<div dir=\"ltr\"><b>VII. Violation de l&#8217;article 51 du d\u00e9cret du 28 d\u00e9cembre 2020 portant application de la loi du 10 juillet 1991<\/b><\/div>\n<div dir=\"ltr\">.<\/div>\n<div dir=\"ltr\"><b>Moyen autonome ne n\u00e9cessitant aucun d\u00e9bat factuel.<br \/>\n<\/b><\/div>\n<div dir=\"ltr\">.<\/div>\n<div dir=\"ltr\">Le jugement a \u00e9t\u00e9 rendu alors qu&#8217;une demande d&#8217;aide juridictionnelle \u00e9tait pendante, ce qui constitue une irr\u00e9gularit\u00e9 proc\u00e9durale d&#8217;ordre public.<\/div>\n<div dir=\"ltr\">.<\/div>\n<div dir=\"ltr\">En \u00e9cartant ce moyen qui ne n\u00e9cessite aucune appr\u00e9ciation des faits mais le seul constat d&#8217;un non-respect de la chronologie proc\u00e9durale l\u00e9gale, le BAJ a m\u00e9connu son office.<\/div>\n<div>.<\/div>\n<div dir=\"ltr\"><b>VIII. Atteinte au droit d\u2019acc\u00e8s effectif au juge de cassation<\/b><\/div>\n<div>.<\/div>\n<div dir=\"ltr\">(<i><b>voir V.3 et VII<\/b><\/i>)<\/div>\n<div>.<\/div>\n<div dir=\"ltr\">Ce moyen vient au soutien des moyens internes de l\u00e9galit\u00e9 expos\u00e9s<\/div>\n<div>.<\/div>\n<div>En qualifiant \u00e0 tort ces moyens de simples contestations factuelles, le BAJ a ferm\u00e9 l\u2019acc\u00e8s \u00e0 la juridiction de cassation sur la base d\u2019une pr\u00e9misse juridiquement erron\u00e9e.<\/div>\n<div>.<\/div>\n<div>Le filtrage pr\u00e9vu par la loi ne saurait autoriser l\u2019\u00e9limination de moyens de droit objectivement arguables par une d\u00e9naturation de leur nature.<\/div>\n<div>.<\/div>\n<div dir=\"ltr\">Le maintien de cet obstacle proc\u00e9dural injustifi\u00e9 rend le droit \u00e0 l&#8217;aide juridictionnelle th\u00e9orique et illusoire,\u00a0en violation\u00a0de l&#8217;article 6 \u00a71 de la CEDH (Airey c. Irlande),\u00a0d\u00e8s lors que l&#8217;exercice des garanties l\u00e9gales d&#8217;assistance\u00a0(Art. 1533 CPC)\u00a0est transform\u00e9 en cause d&#8217;irrecevabilit\u00e9 par les juges du fond, sans que le juge de cassation n&#8217;ait \u00e9t\u00e9 mis en mesure d&#8217;exercer son contr\u00f4le normatif.<\/div>\n<div>.<\/div>\n<div dir=\"ltr\"><b>IX. Demandes<\/b><\/div>\n<div>.<\/div>\n<div dir=\"ltr\">Eu \u00e9gard \u00e0 la pluralit\u00e9 de moyens autonomes identifi\u00e9s et \u00e0 leur rejet globalis\u00e9, il est demand\u00e9 de :<\/div>\n<div>.<\/div>\n<div><strong>1. D\u00e9clarer recevable le pr\u00e9sent recours-nullit\u00e9 ;<\/strong><\/div>\n<div>.<\/div>\n<div><strong>2. Constater que la d\u00e9cision n\u00b0 2025C2267 du 24 avril 2026 est entach\u00e9e d\u2019exc\u00e8s de pouvoir ;<\/strong><\/div>\n<div>.<\/div>\n<div><strong>3. Annuler ladite d\u00e9cision ;<\/strong><\/div>\n<div>.<\/div>\n<div><strong>4. Ordonner le r\u00e9examen de la demande d\u2019aide juridictionnelle au regard des moyens de droit effectivement invoqu\u00e9s ;<\/strong><\/div>\n<div>.<\/div>\n<div><strong>5. Dire que ce r\u00e9examen interviendra dans des conditions garantissant l\u2019acc\u00e8s effectif au juge de cassation.<\/strong><\/div>\n<\/div>\n<\/div>\n<div>.<\/div>\n<div dir=\"ltr\">L&#8217;Association AGIR ENSEMBLE POUR NOS DROITS vous prie de bien vouloir croire \u00e0 l&#8217;assurance de sa respectueuse consid\u00e9ration.<\/div>\n<div dir=\"ltr\">.<\/div>\n<div dir=\"ltr\">La Pr\u00e9sidente<\/div>\n<div dir=\"ltr\">de l&#8217;Association AGIR ENSEMBLE POUR NOS DROITS<\/div>\n<div class=\"ydpc5a115f8yiv1895446226ydp90849bcesignature\">\n<div>agirensemble_pournosdroits3@aol.fr<\/div>\n<\/div>\n<\/div>\n<\/div>\n<\/div>\n<\/div>\n<\/div>\n<div dir=\"ltr\"><\/div>\n<div dir=\"ltr\"><strong>ACCUSES de RECEPTION<\/strong> :<\/div>\n<div dir=\"ltr\">.<\/div>\n<div dir=\"ltr\">\n<div data-test-id=\"focus-group\" aria-label=\"Groupe de navigation au clavier. Utilisez les touches fl\u00e9ch\u00e9es pour naviguer ou la touche Tab pour acc\u00e9der au groupe suivant.\">\n<header class=\"D_F m_Z12nDQf P_Z1A2bQX I_ZkbNhI ab_CI\" data-test-id=\"message-group-header\">\n<div class=\"D_F ab_C em_N o_h A_6FsP c1AVi73_6LUG c1AVi7H_6MWH P_3Y3Gk\"><span class=\"en_N i_3mCHE c1AVi73_6LUG c1AVi7H_6MWH\" title=\"R\u00e9ponse automatique\u00a0: Erreur de qualification juridique des moyens de cassation par le BAJ de la Cour de cassation --- Recours contre la d\u00e9cision n\u00b0 2025C2267 notifi\u00e9e le 24 avril 2026 du BAJ de la Cour de cassation --- Entrave au droit d'acc\u00e8s \u00e0 un Tr...\" data-test-id=\"message-group-subject\"><span data-test-id=\"message-group-subject-text\">R\u00e9ponse automatique\u00a0: Erreur de qualification juridique des moyens de cassation par le BAJ de la Cour de cassation &#8212; Recours contre la d\u00e9cision n\u00b0 2025C2267 notifi\u00e9e le 24 avril 2026 du BAJ de la Cour de cassation &#8212; Entrave au droit d&#8217;acc\u00e8s \u00e0 un Tr&#8230;<\/span><\/span><\/div>\n<div class=\"D_F ab_C Y_eTB en_0\">\n<div class=\"D_F ab_C em_N en_0 o_h Y_dm5 E_fq7 U_dm5 Q_72FG\"><span class=\"D_F t_r A_6EqO c1AVi73_6EWk c1AVi7H_6LEV c1AVi7T_dPo C_Z1TsNbA cZ1RzsTJ_1c6GJq\" title=\"AOL\/Bo\u00eete r\u00e9cept.\" data-test-id=\"message-group-destination\"><span class=\"G_e J_x o_h a_7yHc\">AOL<\/span>\/<span class=\"G_e J_x o_h a_7iGr\">Bo\u00eete r\u00e9cept.<\/span><\/span><\/div>\n<div class=\"H_6Fd5 W_6Fd5 lv_2gnJCA h_Z13pql2 h4_2d9T5e\"><\/div>\n<\/div>\n<\/header>\n<\/div>\n<div data-test-id=\"focus-group\" aria-label=\"Groupe de navigation au clavier. Utilisez les touches fl\u00e9ch\u00e9es pour naviguer ou la touche Tab pour acc\u00e9der au groupe suivant.\">\n<ul class=\"hd_n M_0 X_0\" data-test-id=\"cards\">\n<li class=\"m_Z12nDQf D_F ek_BB ir_0\">\n<div class=\"p_R b_2w4lU5 I_ZkbNhI em_N it_689y X_fq7 N_6LEV iu_FJ is_Z2bg7IA iv_0 iv3_dRA cZdTOHS_28Otf4 j_ZUs0f0 message-view\" tabindex=\"40\" data-test-id=\"message-view\" data-test-expanded=\"true\" data-iskeynav=\"true\">\n<div>\n<header class=\"r_BN D_F W_6D6F p_R P_Zjgzuf ir_0\" aria-label=\"Message\"><span class=\"en_0 i_0 Q_fq7\"><a data-test-id=\"sender-logo\"><img loading=\"lazy\" class=\"e_e5X\" src=\"https:\/\/data.mail.aol.com\/xobni\/v4\/contacts\/5172.e464\/photo?spsize=80X80&amp;fallback_url=https%3A%2F%2Fs.yimg.com%2Fdh%2Fap%2Fsocial%2Fprofile%2Fprofile_a64.png&amp;alphatar_photo=true&amp;appId=AolMailNorrin&amp;badge=false\" alt=\"\" width=\"40\" height=\"40\" \/><\/a><\/span><\/p>\n<div class=\"D_F ac_FT ab_CI en_0\"><\/div>\n<div class=\"o_h D_F em_0 E_fq7 ek_BB\" data-test-id=\"address-info\">\n<div class=\"D_F en_0\"><span class=\"u_b en_0 c1AVi73_6FsP c1AVi7H_6LEV C4_Z29WjXl\" data-test-id=\"message-from\"><span class=\"D_F rtlI_dz_sSg\" data-test-id=\"email-pill\">Contact Mairie<\/span><\/span><\/div>\n<div class=\"D_F eo_HB\">\n<div class=\"d_6FIA i_6FIA c1AVi7H_6LEV c1AVi73_6FsP D_F eo_HB\"><span class=\"u_b E_eo6 C_Z1TsNbA\">Exp\u00e9diteur\u00a0:<\/span><span class=\"D_F rtlI_dz_sSg\" data-test-id=\"email-pill\"><span class=\"C4_Z29WjXl c1McDRG_eo6\" title=\"courrier@ville-pau.fr\" data-test-id=\"message-to\">courrier@ville-pau.fr<\/span><\/span><\/div>\n<\/div>\n<div class=\"d_6FIA i_6FIA c1AVi7H_6LEV c1AVi73_6FsP D_F eo_HB\"><span class=\"u_b E_eo6 C_Z1TsNbA\">\u00c0\u00a0:<\/span><span class=\"D_F rtlI_dz_sSg\" data-test-id=\"email-pill\"><span class=\"C4_Z29WjXl\" title=\"agirensemble_pournosdroits3@aol.fr\" data-test-id=\"message-to\">agirensemble_pournosdroits3@aol.fr<\/span><\/span><\/div>\n<\/div>\n<div class=\"en_0 s_6Fd5 H_6Fd5 M_3gJOe cdPFi_Z281SGl O_cMr O4_cMu\"><\/div>\n<div class=\"D_F en_0 M_3gJOe A_6Eb4 c1AVi73_6EWk C_Z1VRqsb\" data-test-id=\"message-date\">dim. 26 avr. \u00e0 20:43<\/div>\n<div class=\"D_F ab_CI en_0 H_6Fd5 W_6Fd5 lv_1IWXzk h_Z13pql2 h4_2d9T5e\"><\/div>\n<\/header>\n<\/div>\n<div data-test-id=\"message-body-container\">\n<div class=\"I_ZkbNhI D_FY W_6D6F\" data-test-id=\"message-view-body\">\n<div class=\"X_6MGW\"><\/div>\n<div class=\"msg-body P_wpofO mq_AS\" data-test-id=\"message-view-body-content\">\n<div class=\"jb_0 X_6MGW N_6Fd5\">\n<div>\n<div id=\"yiv2354845525\">\n<div>\n<blockquote>\n<div>\n<div>\n<div><i>Madame, Monsieur,<\/i><\/div>\n<div><i>\u00a0<\/i><\/div>\n<div><i>Votre demande est prise en compte et sera trait\u00e9e dans les meilleurs d\u00e9lais par nos services (hors weekends et jours f\u00e9ri\u00e9s).<\/i><\/div>\n<\/div>\n<div>\n<div><i>\u00a0<\/i><\/div>\n<div><i>Cordialement,<\/i><\/div>\n<div><i>\u00a0<\/i><\/div>\n<div><i>\u00a0<\/i><\/div>\n<div><i>Ville de Pau<\/i><\/div>\n<div><i>H\u00f4tel de ville &#8211; Place Royale &#8211; BP 1508 &#8211; 64036 Pau Cedex<\/i><\/div>\n<div><i>T\u00e9l\u00e9phone : 05 59 27 85 80<\/i><\/div>\n<\/div>\n<\/div>\n<\/blockquote>\n<\/div>\n<\/div>\n<\/div>\n<\/div>\n<\/div>\n<\/div>\n<\/div>\n<\/div>\n<\/li>\n<\/ul>\n<\/div>\n<\/div>\n<div dir=\"ltr\">.<\/div>\n<div dir=\"ltr\">.<\/div>\n<div dir=\"ltr\">.<\/div>\n<div dir=\"ltr\">\n<div data-test-id=\"focus-group\" aria-label=\"Groupe de navigation au clavier. Utilisez les touches fl\u00e9ch\u00e9es pour naviguer ou la touche Tab pour acc\u00e9der au groupe suivant.\">\n<header class=\"D_F m_Z12nDQf P_Z1A2bQX I_ZkbNhI ab_CI\" data-test-id=\"message-group-header\">\n<div class=\"D_F ab_C em_N o_h A_6FsP c1AVi73_6LUG c1AVi7H_6MWH P_3Y3Gk\"><span class=\"en_N i_3mCHE c1AVi73_6LUG c1AVi7H_6MWH\" title=\"Auto: Erreur de qualification juridique des moyens de cassation par le BAJ de la Cour de cassation --- Recours contre la d\u00e9cision n\u00b0 2025C2267 notifi\u00e9e le 24 avril 2026 du BAJ de la Cour de cassation --- Entrave au droit d'acc\u00e8s \u00e0 un Tribunal.\" data-test-id=\"message-group-subject\"><span data-test-id=\"message-group-subject-text\">Auto: Erreur de qualification juridique des moyens de cassation par le BAJ de la Cour de cassation &#8212; Recours contre la d\u00e9cision n\u00b0 2025C2267 notifi\u00e9e le 24 avril 2026 du BAJ de la Cour de cassation &#8212; Entrave au droit d&#8217;acc\u00e8s \u00e0 un Tribunal.<\/span><\/span><\/div>\n<div class=\"D_F ab_C Y_eTB en_0\">\n<div class=\"D_F ab_C em_N en_0 o_h Y_dm5 E_fq7 U_dm5 Q_72FG\"><span class=\"D_F t_r A_6EqO c1AVi73_6EWk c1AVi7H_6LEV c1AVi7T_dPo C_Z1TsNbA cZ1RzsTJ_1c6GJq\" title=\"AOL\/Bo\u00eete r\u00e9cept.\" data-test-id=\"message-group-destination\"><span class=\"G_e J_x o_h a_7yHc\">AOL<\/span>\/<span class=\"G_e J_x o_h a_7iGr\">Bo\u00eete r\u00e9cept.<\/span><\/span><\/div>\n<div class=\"H_6Fd5 W_6Fd5 lv_2gnJCA h_Z13pql2 h4_2d9T5e\"><\/div>\n<\/div>\n<\/header>\n<\/div>\n<div data-test-id=\"focus-group\" aria-label=\"Groupe de navigation au clavier. Utilisez les touches fl\u00e9ch\u00e9es pour naviguer ou la touche Tab pour acc\u00e9der au groupe suivant.\">\n<ul class=\"hd_n M_0 X_0\" data-test-id=\"cards\">\n<li class=\"m_Z12nDQf D_F ek_BB ir_0\">\n<div class=\"p_R b_2w4lU5 I_ZkbNhI em_N it_689y X_fq7 N_6LEV iu_FJ is_Z2bg7IA iv_0 iv3_dRA cZdTOHS_28Otf4 j_ZUs0f0 message-view\" tabindex=\"40\" data-test-id=\"message-view\" data-test-expanded=\"true\" data-iskeynav=\"true\">\n<div>\n<header class=\"r_BN D_F W_6D6F p_R P_Zjgzuf ir_0\" aria-label=\"Message\"><span class=\"en_0 i_0 Q_fq7\"><a data-test-id=\"sender-logo\"><img loading=\"lazy\" class=\"e_e5X\" src=\"https:\/\/data.mail.aol.com\/xobni\/v4\/contacts\/0000.0036\/photo?spsize=80X80&amp;fallback_url=https%3A%2F%2Fs.yimg.com%2Fdh%2Fap%2Fsocial%2Fprofile%2Fprofile_a64.png&amp;alphatar_photo=true&amp;appId=AolMailNorrin&amp;badge=false\" alt=\"\" width=\"40\" height=\"40\" \/><\/a><\/span><\/p>\n<div class=\"D_F ac_FT ab_CI en_0\"><\/div>\n<div class=\"o_h D_F em_0 E_fq7 ek_BB\" data-test-id=\"address-info\">\n<div class=\"D_F en_0\"><span class=\"u_b en_0 c1AVi73_6FsP c1AVi7H_6LEV C4_Z29WjXl\" data-test-id=\"message-from\"><span class=\"D_F rtlI_dz_sSg\" data-test-id=\"email-pill\">sip.vitry-sur-seine@dgfip.finances.gouv.fr<\/span><\/span><\/div>\n<div class=\"D_F eo_HB\">\n<div class=\"d_6FIA i_6FIA c1AVi7H_6LEV c1AVi73_6FsP D_F eo_HB\"><span class=\"u_b E_eo6 C_Z1TsNbA\">Exp\u00e9diteur\u00a0:<\/span><span class=\"D_F rtlI_dz_sSg\" data-test-id=\"email-pill\"><span class=\"C4_Z29WjXl c1McDRG_eo6\" title=\"sip.vitry-sur-seine@dgfip.finances.gouv.fr\" data-test-id=\"message-to\">sip.vitry-sur-seine@dgfip.finances.gouv.fr<\/span><\/span><\/div>\n<\/div>\n<div class=\"d_6FIA i_6FIA c1AVi7H_6LEV c1AVi73_6FsP D_F eo_HB\"><span class=\"u_b E_eo6 C_Z1TsNbA\">\u00c0\u00a0:<\/span><span class=\"D_F rtlI_dz_sSg\" data-test-id=\"email-pill\"><span class=\"C4_Z29WjXl\" title=\"agirensemble_pournosdroits3@aol.fr\" data-test-id=\"message-to\">agirensemble_pournosdroits3@aol.fr<\/span><\/span><\/div>\n<\/div>\n<div class=\"en_0 s_6Fd5 H_6Fd5 M_3gJOe cdPFi_Z281SGl O_cMr O4_cMu\"><\/div>\n<div class=\"D_F en_0 M_3gJOe A_6Eb4 c1AVi73_6EWk C_Z1VRqsb\" data-test-id=\"message-date\">dim. 26 avr. \u00e0 20:43<\/div>\n<div class=\"D_F ab_CI en_0 H_6Fd5 W_6Fd5 lv_1IWXzk h_Z13pql2 h4_2d9T5e\"><\/div>\n<\/header>\n<\/div>\n<div data-test-id=\"message-body-container\">\n<div class=\"I_ZkbNhI D_FY W_6D6F\" data-test-id=\"message-view-body\">\n<div class=\"X_6MGW\"><\/div>\n<div class=\"msg-body P_wpofO mq_AS\" data-test-id=\"message-view-body-content\">\n<div class=\"jb_0 X_6MGW N_6Fd5\">\n<div>\n<div dir=\"ltr\">Nous vous informons que votre demande a bien \u00e9t\u00e9 prise en compte.<\/div>\n<div dir=\"ltr\">Afin d&#8217;obtenir un traitement plus rapide de votre demande, nous vous invitons \u00e0 l&#8217;avenir \u00e0 nous contacter \u00e0 partir de votre messagerie s\u00e9curis\u00e9e, disponible dans votre espace particulier sur impots.gouv.fr.<\/div>\n<div dir=\"ltr\">Si vous n&#8217;avez pas encore cr\u00e9\u00e9 votre espace particulier, des pas-\u00e0-pas sont mis \u00e0 votre disposition sur le site impots.gouv.fr pour vous guider dans cette proc\u00e9dure et dans l&#8217;utilisation de la messagerie s\u00e9curis\u00e9e : https:\/\/www.impots.gouv.fr\/portail\/pas-pas-des-services-en-ligne-des-particuliers.<\/div>\n<div dir=\"ltr\">Par ailleurs, pensez \u00e0 consulter le site www.impots.gouv.fr, vous y trouverez les r\u00e9ponses aux questions les plus fr\u00e9quentes, r\u00e9guli\u00e8rement actualis\u00e9es.<\/div>\n<div dir=\"ltr\">Cet accus\u00e9 r\u00e9ception est g\u00e9n\u00e9r\u00e9 automatiquement, merci de ne pas y r\u00e9pondre<\/div>\n<div dir=\"ltr\"><\/div>\n<\/div>\n<\/div>\n<\/div>\n<\/div>\n<\/div>\n<\/div>\n<\/li>\n<\/ul>\n<\/div>\n<\/div>\n<div dir=\"ltr\">.<\/div>\n<div dir=\"ltr\">.<\/div>\n<div dir=\"ltr\">.<\/div>\n<div dir=\"ltr\">\n<div data-test-id=\"focus-group\" aria-label=\"Groupe de navigation au clavier. Utilisez les touches fl\u00e9ch\u00e9es pour naviguer ou la touche Tab pour acc\u00e9der au groupe suivant.\">\n<header class=\"D_F m_Z12nDQf P_Z1A2bQX I_ZkbNhI ab_CI\" data-test-id=\"message-group-header\">\n<div class=\"D_F ab_C em_N o_h A_6FsP c1AVi73_6LUG c1AVi7H_6MWH P_3Y3Gk\"><span class=\"en_N i_3mCHE c1AVi73_6LUG c1AVi7H_6MWH\" title=\"Auto: Erreur de qualification juridique des moyens de cassation par le BAJ de la Cour de cassation --- Recours contre la d\u00e9cision n\u00b0 2025C2267 notifi\u00e9e le 24 avril 2026 du BAJ de la Cour de cassation --- Entrave au droit d'acc\u00e8s \u00e0 un Tribunal.\" data-test-id=\"message-group-subject\"><span data-test-id=\"message-group-subject-text\">Auto: Erreur de qualification juridique des moyens de cassation par le BAJ de la Cour de cassation &#8212; Recours contre la d\u00e9cision n\u00b0 2025C2267 notifi\u00e9e le 24 avril 2026 du BAJ de la Cour de cassation &#8212; Entrave au droit d&#8217;acc\u00e8s \u00e0 un Tribunal.<\/span><\/span><\/div>\n<div class=\"D_F ab_C Y_eTB en_0\">\n<div class=\"D_F ab_C em_N en_0 o_h Y_dm5 E_fq7 U_dm5 Q_72FG\"><span class=\"D_F t_r A_6EqO c1AVi73_6EWk c1AVi7H_6LEV c1AVi7T_dPo C_Z1TsNbA cZ1RzsTJ_1c6GJq\" title=\"AOL\/Bo\u00eete r\u00e9cept.\" data-test-id=\"message-group-destination\"><span class=\"G_e J_x o_h a_7yHc\">AOL<\/span>\/<span class=\"G_e J_x o_h a_7iGr\">Bo\u00eete r\u00e9cept.<\/span><\/span><\/div>\n<div class=\"H_6Fd5 W_6Fd5 lv_2gnJCA h_Z13pql2 h4_2d9T5e\"><\/div>\n<\/div>\n<\/header>\n<\/div>\n<div data-test-id=\"focus-group\" aria-label=\"Groupe de navigation au clavier. Utilisez les touches fl\u00e9ch\u00e9es pour naviguer ou la touche Tab pour acc\u00e9der au groupe suivant.\">\n<ul class=\"hd_n M_0 X_0\" data-test-id=\"cards\">\n<li class=\"m_Z12nDQf D_F ek_BB ir_0\">\n<div class=\"p_R b_2w4lU5 I_ZkbNhI em_N it_689y X_fq7 N_6LEV iu_FJ is_Z2bg7IA iv_0 iv3_dRA cZdTOHS_28Otf4 j_ZUs0f0 message-view\" tabindex=\"40\" data-test-id=\"message-view\" data-test-expanded=\"true\" data-iskeynav=\"true\">\n<div>\n<header class=\"r_BN D_F W_6D6F p_R P_Zjgzuf ir_0\" aria-label=\"Message\"><span class=\"en_0 i_0 Q_fq7\"><a data-test-id=\"sender-logo\"><img loading=\"lazy\" class=\"e_e5X\" src=\"https:\/\/data.mail.aol.com\/xobni\/v4\/contacts\/85c8.78d2\/photo?spsize=80X80&amp;fallback_url=https%3A%2F%2Fs.yimg.com%2Fdh%2Fap%2Fsocial%2Fprofile%2Fprofile_a64.png&amp;alphatar_photo=true&amp;appId=AolMailNorrin&amp;badge=false\" alt=\"\" width=\"40\" height=\"40\" \/><\/a><\/span><\/p>\n<div class=\"D_F ac_FT ab_CI en_0\"><\/div>\n<div class=\"o_h D_F em_0 E_fq7 ek_BB\" data-test-id=\"address-info\">\n<div class=\"D_F en_0\"><span class=\"u_b en_0 c1AVi73_6FsP c1AVi7H_6LEV C4_Z29WjXl\" data-test-id=\"message-from\"><span class=\"D_F rtlI_dz_sSg\" data-test-id=\"email-pill\">sip.melun@dgfip.finances.gouv.fr<\/span><\/span><\/div>\n<div class=\"D_F eo_HB\">\n<div class=\"d_6FIA i_6FIA c1AVi7H_6LEV c1AVi73_6FsP D_F eo_HB\"><span class=\"u_b E_eo6 C_Z1TsNbA\">Exp\u00e9diteur\u00a0:<\/span><span class=\"D_F rtlI_dz_sSg\" data-test-id=\"email-pill\"><span class=\"C4_Z29WjXl c1McDRG_eo6\" title=\"sip.melun@dgfip.finances.gouv.fr\" data-test-id=\"message-to\">sip.melun@dgfip.finances.gouv.fr<\/span><\/span><\/div>\n<\/div>\n<div class=\"d_6FIA i_6FIA c1AVi7H_6LEV c1AVi73_6FsP D_F eo_HB\"><span class=\"u_b E_eo6 C_Z1TsNbA\">\u00c0\u00a0:<\/span><span class=\"D_F rtlI_dz_sSg\" data-test-id=\"email-pill\"><span class=\"C4_Z29WjXl\" title=\"agirensemble_pournosdroits3@aol.fr\" data-test-id=\"message-to\">agirensemble_pournosdroits3@aol.fr<\/span><\/span><\/div>\n<\/div>\n<div class=\"en_0 s_6Fd5 H_6Fd5 M_3gJOe cdPFi_Z281SGl O_cMr O4_cMu\"><\/div>\n<div class=\"D_F en_0 M_3gJOe A_6Eb4 c1AVi73_6EWk C_Z1VRqsb\" data-test-id=\"message-date\">dim. 26 avr. \u00e0 20:43<\/div>\n<div class=\"D_F ab_CI en_0 H_6Fd5 W_6Fd5 lv_1IWXzk h_Z13pql2 h4_2d9T5e\"><\/div>\n<\/header>\n<\/div>\n<div data-test-id=\"message-body-container\">\n<div class=\"I_ZkbNhI D_FY W_6D6F\" data-test-id=\"message-view-body\">\n<div class=\"X_6MGW\"><\/div>\n<div class=\"msg-body P_wpofO mq_AS\" data-test-id=\"message-view-body-content\">\n<div class=\"jb_0 X_6MGW N_6Fd5\">\n<div>\n<div dir=\"ltr\">Nous vous informons que votre demande a bien \u00e9t\u00e9 prise en compte.<\/div>\n<div dir=\"ltr\">Afin d&#8217;obtenir un traitement plus rapide de votre demande, nous vous invitons \u00e0 l&#8217;avenir \u00e0 nous contacter \u00e0 partir de votre messagerie s\u00e9curis\u00e9e, disponible dans votre espace particulier sur impots.gouv.fr.<\/div>\n<div dir=\"ltr\">Si vous n&#8217;avez pas encore cr\u00e9\u00e9 votre espace particulier, des pas-\u00e0-pas sont mis \u00e0 votre disposition sur le site impots.gouv.fr pour vous guider dans cette proc\u00e9dure et dans l&#8217;utilisation de la messagerie s\u00e9curis\u00e9e : https:\/\/www.impots.gouv.fr\/portail\/pas-pas-des-services-en-ligne-des-particuliers.<\/div>\n<div dir=\"ltr\">Par ailleurs, pensez \u00e0 consulter le site www.impots.gouv.fr, vous y trouverez les r\u00e9ponses aux questions les plus fr\u00e9quentes, r\u00e9guli\u00e8rement actualis\u00e9es.<\/div>\n<div dir=\"ltr\">Cet accus\u00e9 r\u00e9ception est g\u00e9n\u00e9r\u00e9 automatiquement, merci de ne pas y r\u00e9pondre<\/div>\n<div dir=\"ltr\"><\/div>\n<\/div>\n<\/div>\n<\/div>\n<\/div>\n<\/div>\n<\/div>\n<\/li>\n<\/ul>\n<\/div>\n<\/div>\n<div dir=\"ltr\">.<\/div>\n","protected":false},"excerpt":{"rendered":"<p>&#8212;&#8211; Message transmis &#8212;&#8211; De :\u00a0agirensemble_pournosdroits3@aol.fr &lt;agirensemble_pournosdroits3@aol.fr&gt; \u00c0 :\u00a0sec.pp.courdecassation@justice.fr &lt;sec.pp.courdecassation@justice.fr&gt;; d.leprado@cabinet-leprado.fr &lt;d.leprado@cabinet-leprado.fr&gt;; courriel@hdfp.fr &lt;courriel@hdfp.fr&gt;; bocquillon.avocat@gmail.com &lt;bocquillon.avocat@gmail.com&gt;; astruc_patricia@wanadoo.fr &lt;astruc_patricia@wanadoo.fr&gt;; Ang\u00e9lique CHEN &lt;angelique.chen@notaires.fr&gt;; kiohe888@aol.fr &lt;kiohe888@aol.fr&gt;; agence.paris-commerce@ceidf.caisse-epargne.fr &lt;agence.paris-commerce@ceidf.caisse-epargne.fr&gt;; VERDEIL Bernadette &lt;bernadette.verdeil@justice.fr&gt;; philippe.froger@bfpavocats.fr &lt;philippe.froger@bfpavocats.fr&gt;; bgrunberg@mairie-dammarie-les-lys.fr &lt;bgrunberg@mairie-dammarie-les-lys.fr&gt;; bse@senechalavocat.fr &lt;bse@senechalavocat.fr&gt;; florence.berthout@paris.fr &lt;florence.berthout@paris.fr&gt;; Contact Mairie &lt;courrier@ville-pau.fr&gt;; chambre.seineetmarne@notaires.fr &hellip; <a href=\"http:\/\/fenabod.cluster026.hosting.ovh.net\/index.php\/2026\/04\/26\/erreur-de-qualification-juridique-des-moyens-de-cassation-par-le-baj-de-la-cour-de-cassation-recours-contre-la-decision-n-2025c2267-notifiee-le-24-avril-2026-du-baj-de-la-cour-de-cassation\/\">Continue reading <span class=\"meta-nav\">&rarr;<\/span><\/a><\/p>\n","protected":false},"author":1,"featured_media":0,"comment_status":"open","ping_status":"open","sticky":false,"template":"","format":"standard","meta":[],"categories":[1],"tags":[],"_links":{"self":[{"href":"http:\/\/fenabod.cluster026.hosting.ovh.net\/index.php\/wp-json\/wp\/v2\/posts\/4166"}],"collection":[{"href":"http:\/\/fenabod.cluster026.hosting.ovh.net\/index.php\/wp-json\/wp\/v2\/posts"}],"about":[{"href":"http:\/\/fenabod.cluster026.hosting.ovh.net\/index.php\/wp-json\/wp\/v2\/types\/post"}],"author":[{"embeddable":true,"href":"http:\/\/fenabod.cluster026.hosting.ovh.net\/index.php\/wp-json\/wp\/v2\/users\/1"}],"replies":[{"embeddable":true,"href":"http:\/\/fenabod.cluster026.hosting.ovh.net\/index.php\/wp-json\/wp\/v2\/comments?post=4166"}],"version-history":[{"count":1,"href":"http:\/\/fenabod.cluster026.hosting.ovh.net\/index.php\/wp-json\/wp\/v2\/posts\/4166\/revisions"}],"predecessor-version":[{"id":4167,"href":"http:\/\/fenabod.cluster026.hosting.ovh.net\/index.php\/wp-json\/wp\/v2\/posts\/4166\/revisions\/4167"}],"wp:attachment":[{"href":"http:\/\/fenabod.cluster026.hosting.ovh.net\/index.php\/wp-json\/wp\/v2\/media?parent=4166"}],"wp:term":[{"taxonomy":"category","embeddable":true,"href":"http:\/\/fenabod.cluster026.hosting.ovh.net\/index.php\/wp-json\/wp\/v2\/categories?post=4166"},{"taxonomy":"post_tag","embeddable":true,"href":"http:\/\/fenabod.cluster026.hosting.ovh.net\/index.php\/wp-json\/wp\/v2\/tags?post=4166"}],"curies":[{"name":"wp","href":"https:\/\/api.w.org\/{rel}","templated":true}]}}